{"id":125323,"date":"2025-05-24T20:13:10","date_gmt":"2025-05-24T20:13:10","guid":{"rendered":"https:\/\/www.europesays.com\/fr\/125323\/"},"modified":"2025-05-24T20:13:10","modified_gmt":"2025-05-24T20:13:10","slug":"la-fete-de-lecole-vire-a-la-soiree-chaotique","status":"publish","type":"post","link":"https:\/\/www.europesays.com\/fr\/125323\/","title":{"rendered":"la f\u00eate de l\u2019\u00e9cole vire \u00e0 la \u00ab\u00a0soir\u00e9e chaotique\u00a0\u00bb"},"content":{"rendered":"<p>Le pas de trois entre ultra-gauche, CRS et participants \u00e0 une f\u00eate d\u2019\u00e9cole a donn\u00e9 lieu \u00e0 une triste chor\u00e9graphie, qui s\u2019est cl\u00f4tur\u00e9e dans les larmes, d\u00e9clench\u00e9es par l\u2019usage de lacrymog\u00e8ne.<\/p>\n<p>Vendredi soir, des habitants de la Croix-Rousse et leurs enfants scolaris\u00e9s au groupe scolaire Cornier ont festoy\u00e9 le temps d\u2019une \u00ab\u00a0guinguette\u00a0\u00bb, avec concert de rock donn\u00e9 par des parents, sur la place Tabareau (Lyon 4e ), pour r\u00e9colter \u00ab\u00a0de l\u2019argent pour des projets d\u2019\u00e9cole, des classes vertes\u00a0\u00bb. En parall\u00e8le, le carnaval organis\u00e9 par l\u2019ultra-gauche, malgr\u00e9 l\u2019interdiction de la pr\u00e9fecture, a d\u00e9ferl\u00e9 sur les pentes de la Croix-Rousse, d\u00e9bouchant pour la troisi\u00e8me ann\u00e9e cons\u00e9cutive sur un jeu du chat et de la souris entre les <a href=\"https:\/\/www.leprogres.fr\/faits-divers-justice\/2025\/05\/23\/feux-de-poubelles-et-cortege-sauvage-le-carnaval-des-pentes-degenere-a-la-croix-rousse\" target=\"_blank\" rel=\"nofollow noopener\">quelque 650 participants<\/a> (chiffre pr\u00e9fecture) et les forces de l\u2019ordre.<\/p>\n<p>Bilan\u00a0: \u00ab\u00a0des feux de poubelles, des conteneurs \u00e0 verre renvers\u00e9s, des tags\u00a0\u00bb ou encore des individus \u00ab\u00a0mont\u00e9s sur le toit&#8230;<\/p>\n","protected":false},"excerpt":{"rendered":"Le pas de trois entre ultra-gauche, CRS et participants \u00e0 une f\u00eate d\u2019\u00e9cole a donn\u00e9 lieu \u00e0 une&hellip;\n","protected":false},"author":2,"featured_media":125324,"comment_status":"","ping_status":"","sticky":false,"template":"","format":"standard","meta":{"footnotes":""},"categories":[1889],"tags":[1111,11,2430,2757,1777,674,274,107,1011,27,2428,2756,12,25,2429],"class_list":{"0":"post-125323","1":"post","2":"type-post","3":"status-publish","4":"format-standard","5":"has-post-thumbnail","7":"category-lyon","8":"tag-actu","9":"tag-actualites","10":"tag-auvergne-rhone-alpes","11":"tag-edition-lyon-villeurbanne","12":"tag-eu","13":"tag-europe","14":"tag-faits-divers-justice","15":"tag-fil-info","16":"tag-fr","17":"tag-france","18":"tag-lyon","19":"tag-lyon-bassin","20":"tag-news","21":"tag-republique-francaise","22":"tag-rhone"},"share_on_mastodon":{"url":"https:\/\/pubeurope.com\/@fr\/114564641783117282","error":""},"_links":{"self":[{"href":"https:\/\/www.europesays.com\/fr\/wp-json\/wp\/v2\/posts\/125323","targetHints":{"allow":["GET"]}}],"collection":[{"href":"https:\/\/www.europesays.com\/fr\/wp-json\/wp\/v2\/posts"}],"about":[{"href":"https:\/\/www.europesays.com\/fr\/wp-json\/wp\/v2\/types\/post"}],"author":[{"embeddable":true,"href":"https:\/\/www.europesays.com\/fr\/wp-json\/wp\/v2\/users\/2"}],"replies":[{"embeddable":true,"href":"https:\/\/www.europesays.com\/fr\/wp-json\/wp\/v2\/comments?post=125323"}],"version-history":[{"count":0,"href":"https:\/\/www.europesays.com\/fr\/wp-json\/wp\/v2\/posts\/125323\/revisions"}],"wp:featuredmedia":[{"embeddable":true,"href":"https:\/\/www.europesays.com\/fr\/wp-json\/wp\/v2\/media\/125324"}],"wp:attachment":[{"href":"https:\/\/www.europesays.com\/fr\/wp-json\/wp\/v2\/media?parent=125323"}],"wp:term":[{"taxonomy":"category","embeddable":true,"href":"https:\/\/www.europesays.com\/fr\/wp-json\/wp\/v2\/categories?post=125323"},{"taxonomy":"post_tag","embeddable":true,"href":"https:\/\/www.europesays.com\/fr\/wp-json\/wp\/v2\/tags?post=125323"}],"curies":[{"name":"wp","href":"https:\/\/api.w.org\/{rel}","templated":true}]}}