{"id":125329,"date":"2025-05-24T20:17:11","date_gmt":"2025-05-24T20:17:11","guid":{"rendered":"https:\/\/www.europesays.com\/fr\/125329\/"},"modified":"2025-05-24T20:17:11","modified_gmt":"2025-05-24T20:17:11","slug":"trois-personnes-hospitalisees-pour-des-overdoses-en-sortant-du-meme-bar","status":"publish","type":"post","link":"https:\/\/www.europesays.com\/fr\/125329\/","title":{"rendered":"Trois personnes hospitalis\u00e9es pour des overdoses en sortant du m\u00eame bar"},"content":{"rendered":"<p><strong>\u00e9pid\u00e9mie de drogue &#8211; Deux des trois victimes ont \u00e9t\u00e9 transport\u00e9es en \u00e9tat d\u2019urgence absolue, avec pronostic vital engag\u00e9, aux urgences<\/strong><\/p>\n<p>Au moins deux des victimes avaient de la <a href=\"https:\/\/www.20minutes.fr\/dossier\/drogue?at_medium=RSS%20feed&amp;at_campaign=ynews&amp;utm_source=yahoo&amp;utm_medium=rss&amp;utm_campaign=news_feed&amp;utm_content=in_article_link\" rel=\"nofollow noopener\" target=\"_blank\" data-ylk=\"slk:drogue;elm:context_link;itc:0;sec:content-canvas\" class=\"link \">drogue<\/a> sur elles quand elles ont \u00e9t\u00e9 prises en charge. Ce samedi au petit matin, les secours ont \u00e9t\u00e9 appel\u00e9s \u00e0 la sortie d\u2019un bar du 11e arrondissement de <a href=\"https:\/\/www.20minutes.fr\/paris\/?at_medium=RSS%20feed&amp;at_campaign=ynews&amp;utm_source=yahoo&amp;utm_medium=rss&amp;utm_campaign=news_feed&amp;utm_content=in_article_link\" rel=\"nofollow noopener\" target=\"_blank\" data-ylk=\"slk:Paris;elm:context_link;itc:0;sec:content-canvas\" class=\"link \">Paris<\/a> pour prendre en charge un homme de 25 ans saisi de convulsions, rapporte <a href=\"https:\/\/www.leparisien.fr\/faits-divers\/quatre-overdoses-graves-a-paris-en-lespace-de-24-heures-un-attache-parlementaire-parmi-les-victimes-24-05-2025-RCV4SIVNSZEZRNBA7IRGHAEEWU.php?ts=1748113448725&amp;at_medium=RSS%20feed&amp;at_campaign=ynews&amp;utm_source=yahoo&amp;utm_medium=rss&amp;utm_campaign=news_feed&amp;utm_content=in_article_link\" rel=\"nofollow noopener\" target=\"_blank\" data-ylk=\"slk:Le Parisien;elm:context_link;itc:0;sec:content-canvas\" class=\"link \">Le Parisien<\/a>.<\/p>\n<p>Alors qu\u2019ils sont sur place, les pompiers sont alert\u00e9s sur un autre malaise \u00e0 quelques m\u00e8tres, d\u2019un homme du m\u00eame \u00e2ge inconscient sur le trottoir. Les deux jeunes hommes avaient respectivement sur eux un pochon rose avec de la poudre blanche et une bouteille de <a href=\"https:\/\/www.20minutes.fr\/societe\/ghb\/?at_medium=RSS%20feed&amp;at_campaign=ynews&amp;utm_source=yahoo&amp;utm_medium=rss&amp;utm_campaign=news_feed&amp;utm_content=in_article_link\" rel=\"nofollow noopener\" target=\"_blank\" data-ylk=\"slk:GHB;elm:context_link;itc:0;sec:content-canvas\" class=\"link \">GHB<\/a>.<\/p>\n<p><a href=\"https:\/\/www.20minutes.fr\/dossier\/drogue\" rel=\"nofollow noopener\" target=\"_blank\" data-ylk=\"slk:Tous nos articles sur la drogue;elm:context_link;itc:0;sec:content-canvas\" class=\"link \">Tous nos articles sur la drogue<\/a><\/p>\n<p>Le premier a \u00e9t\u00e9 transport\u00e9 en urgence absolue avec un pronostic vital engag\u00e9 vers l\u2019h\u00f4pital Lariboisi\u00e8re, tout comme une troisi\u00e8me personne \u00e9galement victime d\u2019un malaise dans le m\u00eame secteur un peu plus tard dans la matin\u00e9e. Les trois patients qui auraient \u00e9t\u00e9 victimes d\u2019overdoses, selon le quotidien, avaient pass\u00e9 au moins une partie de leur soir\u00e9e dans le m\u00eame bar.<\/p>\n<p><a href=\"https:\/\/www.20minutes.fr\/faits_divers\/4155261-20250524-paris-trois-personnes-hospitalisees-overdoses-sortant-bar?at_medium=RSS%20feed&amp;at_campaign=ynews&amp;utm_source=yahoo&amp;utm_medium=rss&amp;utm_campaign=news_feed&amp;utm_content=read_more_link\" rel=\"nofollow noopener\" target=\"_blank\" data-ylk=\"slk:Lire la suite sur 20minutes;elm:context_link;itc:0;sec:content-canvas\" class=\"link \">Lire la suite sur 20minutes<\/a><\/p>\n<p>\u00c0 lire aussi :<br \/><a href=\"https:\/\/www.20minutes.fr\/faits_divers\/faits-divers-toulouse\/4152073-20250506-toulouse-soiree-chemsex-vire-drame-apres-mort-participant?at_medium=RSS%20feed&amp;at_campaign=ynews&amp;utm_source=yahoo&amp;utm_medium=rss&amp;utm_campaign=news_feed&amp;utm_content=related_content_link\" rel=\"nofollow noopener\" target=\"_blank\" data-ylk=\"slk:Toulouse : La soir\u00e9e chemsex vire au drame apr\u00e8s la mort d\u2019un participant;elm:context_link;itc:0;sec:content-canvas\" class=\"link \">Toulouse : La soir\u00e9e chemsex vire au drame apr\u00e8s la mort d\u2019un participant<\/a><br \/><a href=\"https:\/\/www.20minutes.fr\/faits_divers\/4144531-20250320-drome-trois-personnes-mises-examen-quatre-mois-apres-overdose-mortelle-ado?at_medium=RSS%20feed&amp;at_campaign=ynews&amp;utm_source=yahoo&amp;utm_medium=rss&amp;utm_campaign=news_feed&amp;utm_content=related_content_link\" rel=\"nofollow noopener\" target=\"_blank\" data-ylk=\"slk:Dr\u00f4me : Trois personnes mises en examen quatre mois apr\u00e8s l\u2019overdose mortelle d\u2019une ado;elm:context_link;itc:0;sec:content-canvas\" class=\"link \">Dr\u00f4me : Trois personnes mises en examen quatre mois apr\u00e8s l\u2019overdose mortelle d\u2019une ado<\/a><\/p>\n","protected":false},"excerpt":{"rendered":"\u00e9pid\u00e9mie de drogue &#8211; Deux des trois victimes ont \u00e9t\u00e9 transport\u00e9es en \u00e9tat d\u2019urgence absolue, avec pronostic vital&hellip;\n","protected":false},"author":2,"featured_media":125330,"comment_status":"","ping_status":"","sticky":false,"template":"","format":"standard","meta":{"footnotes":""},"categories":[1888],"tags":[1111,1928,11,1927,1052,20409,1777,674,1011,27,17306,12,1926,626,1925,25],"class_list":{"0":"post-125329","1":"post","2":"type-post","3":"status-publish","4":"format-standard","5":"has-post-thumbnail","7":"category-paris","8":"tag-actu","9":"tag-actu-paris","10":"tag-actualites","11":"tag-actualites-paris","12":"tag-drogue","13":"tag-etat-durgence","14":"tag-eu","15":"tag-europe","16":"tag-fr","17":"tag-france","18":"tag-les-deux","19":"tag-news","20":"tag-news-paris","21":"tag-paris","22":"tag-paris-news","23":"tag-republique-francaise"},"share_on_mastodon":{"url":"https:\/\/pubeurope.com\/@fr\/114564657558287042","error":""},"_links":{"self":[{"href":"https:\/\/www.europesays.com\/fr\/wp-json\/wp\/v2\/posts\/125329","targetHints":{"allow":["GET"]}}],"collection":[{"href":"https:\/\/www.europesays.com\/fr\/wp-json\/wp\/v2\/posts"}],"about":[{"href":"https:\/\/www.europesays.com\/fr\/wp-json\/wp\/v2\/types\/post"}],"author":[{"embeddable":true,"href":"https:\/\/www.europesays.com\/fr\/wp-json\/wp\/v2\/users\/2"}],"replies":[{"embeddable":true,"href":"https:\/\/www.europesays.com\/fr\/wp-json\/wp\/v2\/comments?post=125329"}],"version-history":[{"count":0,"href":"https:\/\/www.europesays.com\/fr\/wp-json\/wp\/v2\/posts\/125329\/revisions"}],"wp:featuredmedia":[{"embeddable":true,"href":"https:\/\/www.europesays.com\/fr\/wp-json\/wp\/v2\/media\/125330"}],"wp:attachment":[{"href":"https:\/\/www.europesays.com\/fr\/wp-json\/wp\/v2\/media?parent=125329"}],"wp:term":[{"taxonomy":"category","embeddable":true,"href":"https:\/\/www.europesays.com\/fr\/wp-json\/wp\/v2\/categories?post=125329"},{"taxonomy":"post_tag","embeddable":true,"href":"https:\/\/www.europesays.com\/fr\/wp-json\/wp\/v2\/tags?post=125329"}],"curies":[{"name":"wp","href":"https:\/\/api.w.org\/{rel}","templated":true}]}}