{"id":125333,"date":"2025-05-24T20:19:12","date_gmt":"2025-05-24T20:19:12","guid":{"rendered":"https:\/\/www.europesays.com\/fr\/125333\/"},"modified":"2025-05-24T20:19:12","modified_gmt":"2025-05-24T20:19:12","slug":"des-personnes-malades-et-handicapees-se-rassemblent-a-paris-contre-les-dangers-de-la-loi","status":"publish","type":"post","link":"https:\/\/www.europesays.com\/fr\/125333\/","title":{"rendered":"des personnes malades et handicap\u00e9es se rassemblent \u00e0 Paris contre les \u00abdangers\u00bb de la loi"},"content":{"rendered":"<p>\u00a0\u00bb<br \/>\n        data-script=\u00a0\u00bbhttps:\/\/static.lefigaro.fr\/widget-video\/short-ttl\/video\/index.js\u00a0\u00bb<br \/>\n    &gt;<\/p>\n<p>\u00abJe suis l\u00e0 pour dire que la vie vaut le coup\u00bb, pouvait-on entendre ce samedi, lors du rassemblement contre la loi de \u00abl\u2019aide \u00e0 mourir\u00bb alors qu\u2019elle doit \u00eatre vot\u00e9e solennellement mardi 27 mai.<\/p>\n<p class=\"fig-paragraph\">\u00abEst-ce que je ne suis pas un poids\u00a0? C\u2019est ce que j\u2019ai ressenti lorsque j\u2019ai entendu cette loi.\u00a0\u00bb Comme d\u2019autres malades et personnes en situation de handicap, Orvedie, atteint d\u2019une maladie d\u00e9g\u00e9n\u00e9rative, \u00e9tait pr\u00e9sent au rassemblement, ce samedi 24 mai, pr\u00e8s de l\u2019Assembl\u00e9e nationale pour d\u00e9noncer les \u00abdangers\u00bb et son m\u00e9contentement \u00e0 propos de la\u00a0<a href=\"http:\/\/www.lefigaro.fr\/actualite-france\/fin-de-vie-les-deputes-approuvent-les-conditions-d-acces-au-droit-a-l-aide-a-mourir-20250521\" target=\"_blank\" data-fig-type=\"NewsFlash\" rel=\"noopener\" data-gtm-custom-categorie=\"navigation\" data-gtm-custom-action=\"crossclick\" data-gtm-custom-label=\"Contextuel\" data-gtm-event=\"customEventSPE\" data-fig-domain=\"LEFIGARO\">loi sur la fin de vie.<\/a><\/p>\n<p class=\"fig-paragraph\">Alors que les d\u00e9put\u00e9s ont<a href=\"http:\/\/www.lefigaro.fr\/actualite-france\/fin-de-vie-les-deputes-penalisent-l-entrave-a-l-euthanasie-mais-refusent-de-sanctionner-l-incitation-20250524\" target=\"_blank\" data-fig-type=\"NewsFlash\" rel=\"noopener\" data-gtm-custom-categorie=\"navigation\" data-gtm-custom-action=\"crossclick\" data-gtm-custom-label=\"Contextuel\" data-gtm-event=\"customEventSPE\" data-fig-domain=\"LEFIGARO\">\u00a0achev\u00e9 le jour m\u00eame l\u2019examen<\/a>\u00a0de deux propositions de loi, l\u2019une cr\u00e9ant un \u00abdroit \u00e0 l\u2019aide \u00e0 mourir\u00bb, l\u2019autre sur les soins palliatifs, sur lesquels deux votes solennels auront lieu mardi 27 mai, pr\u00e8s de 300 personnes directement concern\u00e9es ont voulu faire part de leur d\u00e9saccord, d\u2019une d\u00e9cision qu\u2019ils trouvent m\u00e9prisante compte tenu de leur situation<\/p>\n<p class=\"fig-paragraph\">C\u2019est le cas d\u2019Edwige Moutou, 44 ans, atteinte de la maladie de Parkinson. \u00abCette loi me fait l\u2019effet d\u2019un pistolet charg\u00e9 d\u00e9pos\u00e9 sur ma table de nuit, afin que je mette fin \u00e0 mes jours le jour o\u00f9 je me dirai que je suis un poids trop important pour mes proches ou que la soci\u00e9t\u00e9 me dira que je co\u00fbte trop cher\u00bb.<\/p>\n<p>\u00abOn craint que beaucoup ne soient tent\u00e9s\u00bb<\/p>\n<p class=\"fig-paragraph\">Le rassemblement, \u00e0 l\u2019initiative de Magali Jeanteur, m\u00e9decin et mari\u00e9e \u00e0\u00a0<a href=\"http:\/\/www.lefigaro.fr\/flash-actu\/fin-de-vie-avec-cette-loi-mon-mari-ne-serait-plus-la-depuis-27-ans-alerte-l-epouse-de-cyrille-jeanteur-atteint-du-syndrome-de-l-enfermement-20250523\" target=\"_blank\" data-fig-type=\"NewsFlash\" rel=\"noopener\" data-gtm-custom-categorie=\"navigation\" data-gtm-custom-action=\"crossclick\" data-gtm-custom-label=\"Contextuel\" data-gtm-event=\"customEventSPE\" data-fig-domain=\"LEFIGARO\">Cyrille Jeanteur,<\/a>\u00a0atteint du \u00absyndrome de l\u2019enfermement\u00bb avait pour but d\u2019alerter les d\u00e9put\u00e9s et op\u00e9rer un \u00abexamen de conscience\u00bb avant de voter d\u00e9finitivement la loi.<\/p>\n<p class=\"fig-paragraph\">\u00ab\u00c7a peut englober des millions de personnes, y compris des personnes avec des maladies psychiques ou chroniques, comme l\u2019insuffisance cardiaque, le diab\u00e8te, la scl\u00e9rose en plaques\u00bb, a affirm\u00e9 le m\u00e9decin. En d\u00e9but de semaine, elle avait post\u00e9 une vid\u00e9o sur le r\u00e9seau social Linkedin \u00e0 la demande de son mari qui a \u00e9t\u00e9 beaucoup partag\u00e9e et lui a valu des dizaines de messages de soutien.<\/p>\n<p class=\"fig-paragraph\">\u00abNotre vie est difficile, il y a des jours o\u00f9 on peut \u00eatre tent\u00e9 de baisser les bras. Et ce jour-l\u00e0, si l\u2019aide \u00e0 mourir est plus facile que les aides \u00e0 vivre qu\u2019on nous propose, on craint que beaucoup ne soient tent\u00e9s de mettre fin \u00e0 leurs jours\u00bb, a-t-elle d\u00e9clar\u00e9, jugeant la loi \u00abtr\u00e8s violente pour les personnes handicap\u00e9es\u00bb, pouvait-on lire dans le message post\u00e9 sur son r\u00e9seau social.<\/p>\n","protected":false},"excerpt":{"rendered":"\u00a0\u00bb data-script=\u00a0\u00bbhttps:\/\/static.lefigaro.fr\/widget-video\/short-ttl\/video\/index.js\u00a0\u00bb &gt; \u00abJe suis l\u00e0 pour dire que la vie vaut le coup\u00bb, pouvait-on entendre ce samedi,&hellip;\n","protected":false},"author":2,"featured_media":125334,"comment_status":"","ping_status":"","sticky":false,"template":"","format":"standard","meta":{"footnotes":""},"categories":[1888],"tags":[1111,47,11,1109,1112,1777,674,118,1108,107,7977,1106,1107,1011,27,1110,1114,14,12,1113,626,316,25,71],"class_list":{"0":"post-125333","1":"post","2":"type-post","3":"status-publish","4":"format-standard","5":"has-post-thumbnail","7":"category-paris","8":"tag-actu","9":"tag-actualite","10":"tag-actualites","11":"tag-breves","12":"tag-depeches","13":"tag-eu","14":"tag-europe","15":"tag-faits-divers","16":"tag-fil","17":"tag-fil-info","18":"tag-fin-de-vie","19":"tag-flash","20":"tag-flash-actu","21":"tag-fr","22":"tag-france","23":"tag-informations","24":"tag-infos","25":"tag-international","26":"tag-news","27":"tag-nouvelles","28":"tag-paris","29":"tag-politique","30":"tag-republique-francaise","31":"tag-sante"},"share_on_mastodon":{"url":"https:\/\/pubeurope.com\/@fr\/114564665497539720","error":""},"_links":{"self":[{"href":"https:\/\/www.europesays.com\/fr\/wp-json\/wp\/v2\/posts\/125333","targetHints":{"allow":["GET"]}}],"collection":[{"href":"https:\/\/www.europesays.com\/fr\/wp-json\/wp\/v2\/posts"}],"about":[{"href":"https:\/\/www.europesays.com\/fr\/wp-json\/wp\/v2\/types\/post"}],"author":[{"embeddable":true,"href":"https:\/\/www.europesays.com\/fr\/wp-json\/wp\/v2\/users\/2"}],"replies":[{"embeddable":true,"href":"https:\/\/www.europesays.com\/fr\/wp-json\/wp\/v2\/comments?post=125333"}],"version-history":[{"count":0,"href":"https:\/\/www.europesays.com\/fr\/wp-json\/wp\/v2\/posts\/125333\/revisions"}],"wp:featuredmedia":[{"embeddable":true,"href":"https:\/\/www.europesays.com\/fr\/wp-json\/wp\/v2\/media\/125334"}],"wp:attachment":[{"href":"https:\/\/www.europesays.com\/fr\/wp-json\/wp\/v2\/media?parent=125333"}],"wp:term":[{"taxonomy":"category","embeddable":true,"href":"https:\/\/www.europesays.com\/fr\/wp-json\/wp\/v2\/categories?post=125333"},{"taxonomy":"post_tag","embeddable":true,"href":"https:\/\/www.europesays.com\/fr\/wp-json\/wp\/v2\/tags?post=125333"}],"curies":[{"name":"wp","href":"https:\/\/api.w.org\/{rel}","templated":true}]}}