{"id":125345,"date":"2025-05-24T20:25:09","date_gmt":"2025-05-24T20:25:09","guid":{"rendered":"https:\/\/www.europesays.com\/fr\/125345\/"},"modified":"2025-05-24T20:25:09","modified_gmt":"2025-05-24T20:25:09","slug":"le-conseil-de-leurope-refuse-daffaiblir-la-convention-des-droits-de-lhomme-un-revers-pour-neuf-etats","status":"publish","type":"post","link":"https:\/\/www.europesays.com\/fr\/125345\/","title":{"rendered":"le Conseil de l\u2019Europe refuse d&rsquo;affaiblir la Convention des droits de l\u2019Homme, un revers pour neuf \u00c9tats"},"content":{"rendered":"<p>Le secr\u00e9taire g\u00e9n\u00e9ral du Conseil de l&rsquo;Europe Alain Berset a rejet\u00e9 samedi 24 mai tout affaiblissement de la Convention europ\u00e9enne des droits de l&rsquo;Homme. La veille, neuf \u00c9tats, emmen\u00e9s par l&rsquo;Italie, avaient appel\u00e9 \u00e0 r\u00e9interpr\u00e9ter le texte en mati\u00e8re de migrations et ont critiqu\u00e9 la Cour europ\u00e9enne des droits de l&rsquo;homme (CEDH). L\u2019instance juridique a \u00e9t\u00e9 \u00e9galement d\u00e9fendue par Alain Berset.<\/p>\n<p>Le secr\u00e9taire g\u00e9n\u00e9ral du Conseil de l&rsquo;Europe, dont d\u00e9pend la CEDH, a apport\u00e9 samedi une r\u00e9ponse inhabituellement ferme \u00e0 la demande des neuf \u00c9tats. S&rsquo;il a jug\u00e9 \u00ab sain \u00bb de d\u00e9battre, il a ajout\u00e9 que, \u00ab face aux d\u00e9fis complexes de notre \u00e9poque, notre r\u00f4le n&rsquo;est pas d&rsquo;affaiblir la Convention, mais au contraire de la garder solide et pertinente \u00bb, a d\u00e9clar\u00e9 dans un communiqu\u00e9 le secr\u00e9taire g\u00e9n\u00e9ral du Conseil de l&rsquo;Europe. Ce dernier, avec 46 pays membres, est la vigie de la d\u00e9mocratie et des droits de l&rsquo;Homme sur le Vieux Continent.<\/p>\n<p>Le texte vise ainsi la Cour europ\u00e9enne des droits de l&rsquo;Homme (CEDH), \u00e9manation du Conseil de l&rsquo;Europe &#8211; tous deux bas\u00e9s \u00e0 Strasbourg, \u00e0 l\u2019est de la France. La juridiction est charg\u00e9e de faire respecter la convention du m\u00eame nom dans les 46 pays signataires. Les neuf \u00c9tats veulent voir \u00ab si la Cour, dans certains cas, a \u00e9tendu la port\u00e9e de la convention trop loin compar\u00e9 aux intentions originelles \u00bb.<\/p>\n<p>\u00ab Nous croyons que l&rsquo;\u00e9volution de l&rsquo;interpr\u00e9tation de la Cour a, dans certains cas, limit\u00e9 notre capacit\u00e9 \u00e0 prendre des d\u00e9cisions politiques dans nos propres d\u00e9mocraties \u00bb, ont fait savoir les signataires.<\/p>\n<p><a href=\"https:\/\/www.rfi.fr\/fr\/europe\/20250524-migration-le-conseil-de-l-europe-refuse-d-affaiblir-la-convention-des-droits-de-l-homme-un-revers-pour-neuf-%C3%A9tats\" rel=\"nofollow noopener\" target=\"_blank\" data-ylk=\"slk:Lire la suite sur RFI;elm:context_link;itc:0;sec:content-canvas\" class=\"link \">Lire la suite sur RFI<\/a><\/p>\n","protected":false},"excerpt":{"rendered":"Le secr\u00e9taire g\u00e9n\u00e9ral du Conseil de l&rsquo;Europe Alain Berset a rejet\u00e9 samedi 24 mai tout affaiblissement de la&hellip;\n","protected":false},"author":2,"featured_media":125346,"comment_status":"","ping_status":"","sticky":false,"template":"","format":"standard","meta":{"footnotes":""},"categories":[1586],"tags":[11,11216,7577,24848,6492,1777,674,1011,27,12,25,17732],"class_list":{"0":"post-125345","1":"post","2":"type-post","3":"status-publish","4":"format-standard","5":"has-post-thumbnail","7":"category-europe","8":"tag-actualites","9":"tag-alain-berset","10":"tag-conseil-de-leurope","11":"tag-cour-europeenne-des-droits-de-lhomme","12":"tag-droits-de-lhomme","13":"tag-eu","14":"tag-europe","15":"tag-fr","16":"tag-france","17":"tag-news","18":"tag-republique-francaise","19":"tag-secretaire-general"},"share_on_mastodon":{"url":"https:\/\/pubeurope.com\/@fr\/114564689091367927","error":""},"_links":{"self":[{"href":"https:\/\/www.europesays.com\/fr\/wp-json\/wp\/v2\/posts\/125345","targetHints":{"allow":["GET"]}}],"collection":[{"href":"https:\/\/www.europesays.com\/fr\/wp-json\/wp\/v2\/posts"}],"about":[{"href":"https:\/\/www.europesays.com\/fr\/wp-json\/wp\/v2\/types\/post"}],"author":[{"embeddable":true,"href":"https:\/\/www.europesays.com\/fr\/wp-json\/wp\/v2\/users\/2"}],"replies":[{"embeddable":true,"href":"https:\/\/www.europesays.com\/fr\/wp-json\/wp\/v2\/comments?post=125345"}],"version-history":[{"count":0,"href":"https:\/\/www.europesays.com\/fr\/wp-json\/wp\/v2\/posts\/125345\/revisions"}],"wp:featuredmedia":[{"embeddable":true,"href":"https:\/\/www.europesays.com\/fr\/wp-json\/wp\/v2\/media\/125346"}],"wp:attachment":[{"href":"https:\/\/www.europesays.com\/fr\/wp-json\/wp\/v2\/media?parent=125345"}],"wp:term":[{"taxonomy":"category","embeddable":true,"href":"https:\/\/www.europesays.com\/fr\/wp-json\/wp\/v2\/categories?post=125345"},{"taxonomy":"post_tag","embeddable":true,"href":"https:\/\/www.europesays.com\/fr\/wp-json\/wp\/v2\/tags?post=125345"}],"curies":[{"name":"wp","href":"https:\/\/api.w.org\/{rel}","templated":true}]}}