{"id":125356,"date":"2025-05-24T20:31:11","date_gmt":"2025-05-24T20:31:11","guid":{"rendered":"https:\/\/www.europesays.com\/fr\/125356\/"},"modified":"2025-05-24T20:31:11","modified_gmt":"2025-05-24T20:31:11","slug":"lavenir-se-prepare-a-tours","status":"publish","type":"post","link":"https:\/\/www.europesays.com\/fr\/125356\/","title":{"rendered":"l\u2019avenir se pr\u00e9pare \u00e0 Tours"},"content":{"rendered":"<p>Ils sont dix-huit \u00e0 avoir \u00e9court\u00e9 leurs vacances. Voire \u00e0 n\u2019en avoir pas eu du tout, \u00e0 l\u2019instar des Tourangeaux Antoine Pothron, Alexandre Strehlau et Luca Ramon et du Poitevin Simon Magnin. Car entre<a target=\"_self\" href=\"https:\/\/www.lanouvellerepublique.fr\/poitiers\/msl-le-sacre-pour-tours-la-fierte-de-poitiers-1747520021\" rel=\"noopener\"> la finale de MSL, remport\u00e9e par le TVB face \u00e0 l\u2019Alterna Stade poitevin<\/a> le 17\u00a0mai, et le d\u00e9but du rassemblement \u00e0 Tours de l\u2019\u00e9quipe de France, ils n\u2019auront eu qu\u2019un mini-break ponctu\u00e9 de quelques obligations post-finale\u00a0!<\/p>\n<p>Mais l\u2019appel du maillot bleu ne se refuse pas. Il n\u2019attend pas non plus\u00a0! Car parmi ces dix-huit, si l\u2019on retrouve <a target=\"_self\" href=\"https:\/\/www.lanouvellerepublique.fr\/a-la-une\/jo-paris-2024-trevor-clevenot-le-maestro-de-l-equipe-de-france-de-volley\" rel=\"noopener\">Tr\u00e9vor Cl\u00e9venot<\/a>, Quentin Jouffroy et Th\u00e9o Faure, champions olympiques l\u2019\u00e9t\u00e9 dernier et m\u00eame double champion olympique pour le premier, ce rassemblement initial n\u2019est pas loin de ressembler \u00e0 une colonie de grands ados, entre un <a target=\"_self\" href=\"https:\/\/www.lanouvellerepublique.fr\/tours\/msl-l-epatante-precocite-du-toulousain-noa-duflos-rossi-adversaire-du-tvb-1737127121\" rel=\"noopener\">Noa Duflos-Rossi<\/a> de 17\u00a0ans et demi, un <a target=\"_self\" href=\"https:\/\/www.lanouvellerepublique.fr\/tours\/msl-face-a-tours-le-chaumontais-mathis-henno-redecouvre-grenon-1736530679\" rel=\"noopener\">Mathis Henno<\/a> de 20\u00a0ans, un Amir Tizi-Oualou de 19\u00a0ans, un <a target=\"_self\" href=\"https:\/\/www.lanouvellerepublique.fr\/tours\/msl-alexandre-strehlau-l-avenement-d-une-pepite-au-tvb-1747580017\" rel=\"noopener\">Alexandre Strehlau<\/a> de pas tout \u00e0 fait 20\u00a0ans et l\u2019on en passe\u00a0!<\/p>\n<p>Le projet de Los Angeles 2028 se profile et c\u2019est important de voir ces joueurs-l\u00e0<\/p>\n<p><strong>Pascal Foussard, manageur de l\u2019\u00e9quipe de France<\/strong><\/p>\n<p>Mais une colonie o\u00f9 cela travaille, avec pas mal de tests qui ont \u00e9t\u00e9 r\u00e9alis\u00e9s en ce d\u00e9but stage. O\u00f9 l\u2019ambition est bel et bien l\u00e0, aussi. Elle est m\u00eame double, se d\u00e9clinant entre pr\u00e9sent et futur. \u00ab\u00a0Ce sont des profils de joueurs de tr\u00e8s haut niveau, donc il faut les voir tr\u00e8s vite en \u00e9quipe de France, justifie Pascal Foussard, l\u2019un des deux manageurs des Bleus qui va, en cette ann\u00e9e 2025, passer le t\u00e9moin \u00e0 Pierre Pujol. Le projet de Los Angeles 2028 se profile et c\u2019est important de voir ces joueurs-l\u00e0.\u00a0\u00bb<\/p>\n<p>\u00ab\u00a0La VNL est une rampe de lancement id\u00e9ale\u00a0\u00bb<\/p>\n<p>Des joueurs qui ont d\u00e9j\u00e0 un riche v\u00e9cu international, avec pour les uns ou les autres, des titres de champions du monde U19 (2023), de champions d\u2019Europe U17 (2019), U19 (2024), U21 (2024), U22 (2024). Des joueurs qui, pour certains, s\u2019appr\u00eatent d\u00e9j\u00e0 \u00e0 aller jouer dans les plus grands championnats europ\u00e9ens, \u00e0 l\u2019image d\u2019Henno et Tizi-Oualou, en partance pour la Pologne, ou de L\u00e9on, qui va partir en Italie\u2026 \u00ab\u00a0Ils ont d\u00e9j\u00e0 beaucoup gagn\u00e9 en jeunes, il faut maintenant leur faire go\u00fbter \u00e0 l\u2019\u00e9quipe de France A, au plus haut niveau, au volume d\u2019entra\u00eenement, \u00e0 son quotidien\u00a0\u00bb, pr\u00e9cise encore Pascal Foussard, qui estime que, pour eux tous, \u00ab\u00a0la VNL est une rampe de lancement id\u00e9ale\u00a0\u00bb.<\/p>\n<p>\u00ab\u00a0Un patchwork, mais un patchwork bien organis\u00e9\u00a0\u00bb<\/p>\n<p>Sans parler du fait de travailler, jouer et vivre avec des champions olympiques, qui vont rejoindre au compte-goutte le groupe, pendant que d\u2019autres en sortiront, et cela au gr\u00e9 des stages et des \u00e9tapes de la VNL qui vont \u00e9mailler les mois de juin et juillet. \u00ab\u00a0On va les int\u00e9grer petit \u00e0 petit. La semaine prochaine, Yacine Louati va arriver, Timoth\u00e9e Carle aussi. Antoine Brizard ensuite. Et \u00e0 partir du 30\u00a0juin, tous les Olympiens seront l\u00e0. Tout le monde ne fera pas toutes les \u00e9tapes de la VNL. C\u2019est un peu un patchwork, mais un patchwork bien organis\u00e9.\u00a0\u00bb<\/p>\n<p>Et qui doit permettre \u00e0 l\u2019\u00e9quipe de France de volley-ball de conjuguer le pr\u00e9sent et le futur. Le pr\u00e9sent \u00e9tant ce championnat du monde que les doubles champions olympiques lorgnent pour la fin de l\u2019\u00e9t\u00e9, alors que c\u2019est le seul titre qu\u2019il manque \u00e0 leur immense palmar\u00e8s. Le futur appartenant donc \u00e0 cette jeunesse conqu\u00e9rante et qui a tout pour se placer en digne h\u00e9riti\u00e8re de la g\u00e9n\u00e9ration Ngapeth.<\/p>\n<p><img alt=\"L'\u00e9quipe de France \u00e0 l'entra\u00eenement, samedi, \u00e0 Grenon.\" loading=\"lazy\" width=\"980\" height=\"573\" decoding=\"async\" data-nimg=\"1\" class=\"img-responsive spinner-show\" style=\"color:transparent;background-size:cover;background-position:50% 50%;background-repeat:no-repeat;background-image:url(&quot;data:image\/svg+xml;charset=utf-8,%3Csvg xmlns=\" http:=\"\" viewbox=\"0 0 980 573\" id=\"b\" color-interpolation-filters=\"sRGB\" stddeviation=\"20\" values=\"1 0 0 0 0 0 1 0 0 0 0 0 1 0 0 0 0 0 100 -1\" result=\"s\" x=\"0\" y=\"0\" operator=\"out\" in=\"s\" in2=\"SourceGraphic\" preserveaspectratio=\"none\" href=\"https:\/\/images.lanouvellerepublique.fr\/image\/upload\/t_88w\/f_auto\/6831e98351e61548268b4570.jpg\"   src=\"https:\/\/www.europesays.com\/fr\/wp-content\/uploads\/2025\/05\/6831e98351e61548268b4570.jpg\"\/><\/p>\n<p style=\"background-color:#F2F2F2;padding:5px;margin-top:0px;margin-bottom:10px\">L&rsquo;\u00e9quipe de France \u00e0 l&rsquo;entra\u00eenement, samedi, \u00e0 Grenon.<br \/> \u00a9 Photo NR<\/p>\n<p>Le public de Tours aura l\u2019opportunit\u00e9 de la voir \u00e9voluer, ce mercredi 28\u00a0mai, en match amical face \u00e0 la R\u00e9publique tch\u00e8que, avec le trio Cl\u00e9venot\u00a0&#8211; Jouffroy\u00a0&#8211; Faure en guide. L\u2019autre match amical programm\u00e9 cet \u00e9t\u00e9 sera \u00e0 Poitiers, le 11\u00a0juillet, avec un France\u00a0&#8211; Cuba plac\u00e9 entre deux \u00e9tapes de VNL.<\/p>\n<p>France\u00a0&#8211; R\u00e9publique tch\u00e8que, mercredi 28\u00a0mai 2025 \u00e0 20\u00a0h\u00a030, \u00e0 Tours, salle Grenon.<br \/>France\u00a0&#8211; Cuba, mercredi 11\u00a0juillet \u00e0 20\u00a0h\u00a030 \u00e0 Poitiers, Arena Futuroscope.<\/p>\n","protected":false},"excerpt":{"rendered":"Ils sont dix-huit \u00e0 avoir \u00e9court\u00e9 leurs vacances. Voire \u00e0 n\u2019en avoir pas eu du tout, \u00e0 l\u2019instar&hellip;\n","protected":false},"author":2,"featured_media":125357,"comment_status":"","ping_status":"","sticky":false,"template":"","format":"standard","meta":{"footnotes":""},"categories":[1417],"tags":[1392,24849,1011,27,1387,1653,60,1390,1584,1470,1469],"class_list":{"0":"post-125356","1":"post","2":"type-post","3":"status-publish","4":"format-standard","5":"has-post-thumbnail","7":"category-volley","8":"tag-a-la-une-local","9":"tag-equipe-de-france-volley","10":"tag-fr","11":"tag-france","12":"tag-indre-et-loire","13":"tag-poitiers","14":"tag-sports","15":"tag-tours","16":"tag-vienne","17":"tag-volley","18":"tag-volleyball"},"share_on_mastodon":{"url":"https:\/\/pubeurope.com\/@fr\/114564712739873593","error":""},"_links":{"self":[{"href":"https:\/\/www.europesays.com\/fr\/wp-json\/wp\/v2\/posts\/125356","targetHints":{"allow":["GET"]}}],"collection":[{"href":"https:\/\/www.europesays.com\/fr\/wp-json\/wp\/v2\/posts"}],"about":[{"href":"https:\/\/www.europesays.com\/fr\/wp-json\/wp\/v2\/types\/post"}],"author":[{"embeddable":true,"href":"https:\/\/www.europesays.com\/fr\/wp-json\/wp\/v2\/users\/2"}],"replies":[{"embeddable":true,"href":"https:\/\/www.europesays.com\/fr\/wp-json\/wp\/v2\/comments?post=125356"}],"version-history":[{"count":0,"href":"https:\/\/www.europesays.com\/fr\/wp-json\/wp\/v2\/posts\/125356\/revisions"}],"wp:featuredmedia":[{"embeddable":true,"href":"https:\/\/www.europesays.com\/fr\/wp-json\/wp\/v2\/media\/125357"}],"wp:attachment":[{"href":"https:\/\/www.europesays.com\/fr\/wp-json\/wp\/v2\/media?parent=125356"}],"wp:term":[{"taxonomy":"category","embeddable":true,"href":"https:\/\/www.europesays.com\/fr\/wp-json\/wp\/v2\/categories?post=125356"},{"taxonomy":"post_tag","embeddable":true,"href":"https:\/\/www.europesays.com\/fr\/wp-json\/wp\/v2\/tags?post=125356"}],"curies":[{"name":"wp","href":"https:\/\/api.w.org\/{rel}","templated":true}]}}