{"id":125378,"date":"2025-05-24T20:43:14","date_gmt":"2025-05-24T20:43:14","guid":{"rendered":"https:\/\/www.europesays.com\/fr\/125378\/"},"modified":"2025-05-24T20:43:14","modified_gmt":"2025-05-24T20:43:14","slug":"gims-debarque-sur-scene-pour-tout-casser-aux-cotes-de-lovni-marseillais","status":"publish","type":"post","link":"https:\/\/www.europesays.com\/fr\/125378\/","title":{"rendered":"Gims d\u00e9barque sur sc\u00e8ne pour \u00ab\u00a0tout casser\u00a0\u00bb aux c\u00f4t\u00e9s de l&rsquo;Ovni marseillais"},"content":{"rendered":"<p class=\"rev-margin-0 rev-text-xs-normal\">Le stade V\u00e9lodrome bouillonnant pour le concert de Jul<\/p>\n<p class=\"rev-margin-0 rev-text-xs-bold\">ALEXANDRE MISTRETTA &#8211; LA PROVENCE<\/p>\n<p><img alt=\"\" loading=\"lazy\" width=\"18\" height=\"18\" decoding=\"async\" data-nimg=\"1\" class=\"mr-3\" style=\"color:transparent\" src=\"https:\/\/www.europesays.com\/fr\/wp-content\/uploads\/2025\/04\/comment.b95dda91.svg.svg+xml\"\/>Commenter<img alt=\"\" loading=\"lazy\" width=\"18\" height=\"18\" decoding=\"async\" data-nimg=\"1\" class=\"mr-3\" style=\"color:transparent\" src=\"https:\/\/www.europesays.com\/fr\/wp-content\/uploads\/2025\/05\/share.68d4c5e7.svg.svg+xml\"\/>PartagerCe samedi 24 mai, le stade Orange V\u00e9lodrome vibre une nouvelle fois au rythme de Jul ! Apr\u00e8s un premier show \u00e9lectrique, le rappeur marseillais remet \u00e7a pour un deuxi\u00e8me concert XXL dans un stade en fusion. Suivez en direct sur notre site cette soir\u00e9e \u00e9v\u00e9nement, comme si vous y \u00e9tiez !<\/p>\n<p>Le phoc\u00e9en est de retour chez lui. Moins de 24\u00a0heures apr\u00e8s avoir embras\u00e9 le V\u00e9lodrome, Jul remonte sur sc\u00e8ne ce samedi soir pour un deuxi\u00e8me concert historique. Fans survolt\u00e9s, ambiance de folie, surprises en pagaille\u2026 On vous fait vivre cette soir\u00e9e exceptionnelle en immersion, jusqu\u2019aux derni\u00e8res notes du concert sous les projecteurs.<\/p>\n<ul>\n<li class=\"LiveBody_live-body-item__3EMiO my-8\">\n<p>20:21<\/p>\n<p>Nouveau record pour Jul !<\/p>\n<p>EXCLUSIF. Jul fait l\u00e9g\u00e8rement plus en termes de fr\u00e9quentation ce soir. 73 158 personnes sont rassembl\u00e9es au stade contre 73 128 la veille pour son concert.<\/p>\n<\/li>\n<li class=\"LiveBody_live-body-item__3EMiO my-8\">\n<p>20:14<\/p>\n<p>La mythique \u00ab\u00a0Tchikita\u00a0\u00bb entonn\u00e9e !<\/p>\n<p>Pas de concert de Jul sans \u00ab\u00a0Tchikita\u00a0\u00bb.\u00a0<\/p>\n<\/li>\n<li class=\"LiveBody_live-body-item__3EMiO my-8\">\n<p>19:54<\/p>\n<p>Gims en invit\u00e9 surprise !<\/p>\n<p>Avec ses iconiques lunettes de soleil noires, <a href=\"https:\/\/www.laprovence.com\/article\/region\/1692936448172615\/gims-et-tiakola-stars-de-la-programmation-du-summer-festivhalle-cet-ete-a-martigues\" target=\"_blank\" rel=\"noopener\">Gims <\/a>a rejoint Jul sur sc\u00e8ne pour entonner \u00ab\u00a0Boucan\u00a0\u00bb, sous les yeux d&rsquo;un public \u00e9bahi.\u00a0\u00a0<\/p>\n<p><img alt=\"Gims et Jul au V\u00e9lodrome ce samedi 24 mai\" loading=\"lazy\" decoding=\"async\" data-nimg=\"fill\" class=\" TwicCore_img__i9TC1 undefined  undefined\" style=\"position:absolute;height:100%;width:100%;left:0;top:0;right:0;bottom:0;color:transparent;background-size:cover;background-position:50% 50%;background-repeat:no-repeat;background-image:url(&quot;data:image\/svg+xml;charset=utf-8,%3Csvg xmlns='http:\/\/www.w3.org\/2000\/svg' %3E%3Cfilter id='b' color-interpolation-filters='sRGB'%3E%3CfeGaussianBlur stdDeviation='20'\/%3E%3CfeColorMatrix values='1 0 0 0 0 0 1 0 0 0 0 0 1 0 0 0 0 0 100 -1' result='s'\/%3E%3CfeFlood x='0' y='0' width='100%25' height='100%25'\/%3E%3CfeComposite operator='out' in='s'\/%3E%3CfeComposite in2='SourceGraphic'\/%3E%3CfeGaussianBlur stdDeviation='20'\/%3E%3C\/filter%3E%3Cimage width='100%25' height='100%25' x='0' y='0' preserveAspectRatio='none' style='filter: url(%23b);' href='https:\/\/pictures.laprovence.com\/cdn-cgi\/image\/blur=250\/media\/melody\/2025\/05\/24\/gims-et-jul-au-velodrome-ce-samedi-24-mai-1748117176_209137862238664913786223899913v_.jpg'\/%3E%3C\/svg%3E&quot;)\"   src=\"https:\/\/www.europesays.com\/fr\/wp-content\/uploads\/2025\/05\/gims-et-jul-au-velodrome-ce-samedi-24-mai-1748117176_209137862238664913786223899913v_.jpg\"\/>Gims et Jul au V\u00e9lodrome ce samedi 24 mai ALEXANDRE MISTRETTA &#8211; LA PROVENCE<img alt=\"Gims et Jul au V\u00e9lodrome\" loading=\"lazy\" decoding=\"async\" data-nimg=\"fill\" class=\" TwicCore_img__i9TC1 undefined  undefined\" style=\"position:absolute;height:100%;width:100%;left:0;top:0;right:0;bottom:0;color:transparent;background-size:cover;background-position:50% 50%;background-repeat:no-repeat;background-image:url(&quot;data:image\/svg+xml;charset=utf-8,%3Csvg xmlns='http:\/\/www.w3.org\/2000\/svg' %3E%3Cfilter id='b' color-interpolation-filters='sRGB'%3E%3CfeGaussianBlur stdDeviation='20'\/%3E%3CfeColorMatrix values='1 0 0 0 0 0 1 0 0 0 0 0 1 0 0 0 0 0 100 -1' result='s'\/%3E%3CfeFlood x='0' y='0' width='100%25' height='100%25'\/%3E%3CfeComposite operator='out' in='s'\/%3E%3CfeComposite in2='SourceGraphic'\/%3E%3CfeGaussianBlur stdDeviation='20'\/%3E%3C\/filter%3E%3Cimage width='100%25' height='100%25' x='0' y='0' preserveAspectRatio='none' style='filter: url(%23b);' href='https:\/\/pictures.laprovence.com\/cdn-cgi\/image\/blur=250\/media\/melody\/2025\/05\/24\/gims-et-jul-au-velodrome-1748118283_f7db51ba223860cdb51ba2238efdb5v_.jpg'\/%3E%3C\/svg%3E&quot;)\"   src=\"https:\/\/www.europesays.com\/fr\/wp-content\/uploads\/2025\/05\/gims-et-jul-au-velodrome-1748118283_f7db51ba223860cdb51ba2238efdb5v_.jpg\"\/>Gims et Jul au V\u00e9lodrome BERENICE ROLLAND &#8211; LA PROVENCE<\/li>\n<li class=\"LiveBody_live-body-item__3EMiO my-8\">\n<p>19:46<\/p>\n<p>Comme hier, Jimmy Sax est l\u00e0 !<\/p>\n<p>Ambiance GTA (Grand Theft Auto) sur les \u00e9crans g\u00e9ants du Vel pour le tube C pas des LOL en feat avec Jimmy Sax avant d&rsquo;encha\u00eener sur Ibiza.<\/p>\n<\/li>\n<li class=\"LiveBody_live-body-item__3EMiO my-8\">\n<p>19:40<\/p>\n<p>\u00ab\u00a0Ce soir, c&rsquo;est ma derni\u00e8re date, la v\u00e9rit\u00e9, je vais tout casser\u00a0\u00bb<\/p>\n<p>Pour sa derni\u00e8re date, il vient de promettre au Vel qu&rsquo;il va mettre le stade en Y, avant d&rsquo;encha\u00eener avec sa team son hit du m\u00eame nom.\u00a0<\/p>\n<\/li>\n<li class=\"LiveBody_live-body-item__3EMiO my-8\">\n<p>19:33<\/p>\n<p>Les premiers mots de Jul<\/p>\n<p>\u00ab\u00a0Merci ma team, c&rsquo;est trop, je commence par \u00e7a ! Tout le monde va bien ? D\u00e9sol\u00e9 du retard\u00a0\u00bb dit-il \u00e0 son public.<\/p>\n<\/li>\n<li class=\"LiveBody_live-body-item__3EMiO my-8\">\n<p>19:33<\/p>\n<p>3e titre : La Faille !<\/p>\n<p>Pour sa 3e chanson, Jul chante \u00ab\u00a0La Faille\u00a0\u00bb. Avant d&rsquo;interpr\u00e9ter son titre, il a demand\u00e9 sa team s&rsquo;il avait le cardio pour ce soir. Une fa\u00e7on de dire qu&rsquo;il promet un show qui va durer une bonne partie de la nuit.<\/p>\n<\/li>\n<li class=\"LiveBody_live-body-item__3EMiO my-8\">\n<p>19:29<\/p>\n<p>\u00ab\u00a0Wesh alors\u00a0\u00bb, Houari et Jul entonne la 2e chanson<\/p>\n<p>Le rappeur Houari rejoint Jul sur la sc\u00e8ne pour entonner le mythique tube \u00ab\u00a0Wesh alors\u00a0\u00bb.<\/p>\n<\/li>\n<li class=\"LiveBody_live-body-item__3EMiO my-8\">\n<p>19:27<\/p>\n<p>Moto et claquettes chaussettes, Jul est arriv\u00e9 sur sc\u00e8ne !<\/p>\n<p>Le concert commence ! \u00ab\u00a0Alors la zone\u00a0\u00bb r\u00e9sonne, Jul rejoint la sc\u00e8ne en moto avec sa troupe de danseurs masqu\u00e9s en son effigie, en claquettes chaussettes lunettes sur le nez.<\/p>\n<\/li>\n<li class=\"LiveBody_live-body-item__3EMiO my-8\">\n<p>19:20<\/p>\n<p>Le compte \u00e0 rebours commence, un individu descend du ciel avec un masque !<\/p>\n<p>Le noir se fait, le compte \u00e0 rebours est lanc\u00e9&#8230; Un individu masqu\u00e9 descend du ciel !<\/p>\n<\/li>\n<li class=\"LiveBody_live-body-item__3EMiO my-8\">\n<p>19:19<\/p>\n<p>Jul se fait d\u00e9sirer<\/p>\n<p>Le stade s&rsquo;impatiente. Sifflements, passages en force dans la fosse\u2026 les fans commencent \u00e0 trouver \u00e7a long\u2026<\/p>\n<\/li>\n<li class=\"LiveBody_live-body-item__3EMiO my-8\">\n<p>19:06<\/p>\n<p>Les rumeurs vont bon train !<\/p>\n<p>Les th\u00e9ories commencent \u00e0 fuser dans les gradins. Les spectateurs se disent que <a href=\"https:\/\/www.laprovence.com\/article\/culture-loisirs\/3924156758699414\/jul-au-velodrome-un-homme-vole-des-places-de-concert-et-se-prendre-en-course-poursuite-sur-lautoroute-a-macon\" target=\"_blank\" rel=\"noopener\">Jul<\/a> va arriver depuis les airs comme \u00e0 Paris.<\/p>\n<\/li>\n<\/ul>\n","protected":false},"excerpt":{"rendered":"Le stade V\u00e9lodrome bouillonnant pour le concert de Jul ALEXANDRE MISTRETTA &#8211; LA PROVENCE CommenterPartagerCe samedi 24 mai,&hellip;\n","protected":false},"author":2,"featured_media":125379,"comment_status":"","ping_status":"","sticky":false,"template":"","format":"standard","meta":{"footnotes":""},"categories":[1355],"tags":[17,17264,251,814,58,59,1011,27,1279,151,1361,873,16659,3387,957],"class_list":{"0":"post-125378","1":"post","2":"type-post","3":"status-publish","4":"format-standard","5":"has-post-thumbnail","7":"category-musique","8":"tag-17","9":"tag-bat","10":"tag-culture","11":"tag-direct","12":"tag-divertissement","13":"tag-entertainment","14":"tag-fr","15":"tag-france","16":"tag-jul","17":"tag-les","18":"tag-music","19":"tag-musique","20":"tag-records","21":"tag-tous","22":"tag-velodrome"},"share_on_mastodon":{"url":"https:\/\/pubeurope.com\/@fr\/114564760045099488","error":""},"_links":{"self":[{"href":"https:\/\/www.europesays.com\/fr\/wp-json\/wp\/v2\/posts\/125378","targetHints":{"allow":["GET"]}}],"collection":[{"href":"https:\/\/www.europesays.com\/fr\/wp-json\/wp\/v2\/posts"}],"about":[{"href":"https:\/\/www.europesays.com\/fr\/wp-json\/wp\/v2\/types\/post"}],"author":[{"embeddable":true,"href":"https:\/\/www.europesays.com\/fr\/wp-json\/wp\/v2\/users\/2"}],"replies":[{"embeddable":true,"href":"https:\/\/www.europesays.com\/fr\/wp-json\/wp\/v2\/comments?post=125378"}],"version-history":[{"count":0,"href":"https:\/\/www.europesays.com\/fr\/wp-json\/wp\/v2\/posts\/125378\/revisions"}],"wp:featuredmedia":[{"embeddable":true,"href":"https:\/\/www.europesays.com\/fr\/wp-json\/wp\/v2\/media\/125379"}],"wp:attachment":[{"href":"https:\/\/www.europesays.com\/fr\/wp-json\/wp\/v2\/media?parent=125378"}],"wp:term":[{"taxonomy":"category","embeddable":true,"href":"https:\/\/www.europesays.com\/fr\/wp-json\/wp\/v2\/categories?post=125378"},{"taxonomy":"post_tag","embeddable":true,"href":"https:\/\/www.europesays.com\/fr\/wp-json\/wp\/v2\/tags?post=125378"}],"curies":[{"name":"wp","href":"https:\/\/api.w.org\/{rel}","templated":true}]}}