{"id":125384,"date":"2025-05-24T20:46:09","date_gmt":"2025-05-24T20:46:09","guid":{"rendered":"https:\/\/www.europesays.com\/fr\/125384\/"},"modified":"2025-05-24T20:46:09","modified_gmt":"2025-05-24T20:46:09","slug":"jalibert-en-lion-penaud-sur-un-zebre-vestiaires-en-folie-et-pari-de-se-presenter-tout-nu-en-video-les-celebrations-de-lubb-a-cardiff","status":"publish","type":"post","link":"https:\/\/www.europesays.com\/fr\/125384\/","title":{"rendered":"Jalibert en lion, Penaud sur un z\u00e8bre, vestiaires en folie et pari de se pr\u00e9senter tout nu&#8230; En vid\u00e9o, les c\u00e9l\u00e9brations de l\u2019UBB \u00e0 Cardiff"},"content":{"rendered":"<p>\u00c0 l\u2019issue de leur victoire contre Northampton, les Bordelais ont commenc\u00e9 \u00e0 Cardiff \u00e0 bien f\u00eater le premier titre de leur histoire.<\/p>\n<p class=\"fig-paragraph\">Un premier titre f\u00eat\u00e9 comme il se doit. Au coup de sifflet final apr\u00e8s\u00a0<a href=\"http:\/\/www.lefigaro.fr\/sports\/rugby\/coupe-d-europe\/champions-cup-de-rugby-l-ubb-remporte-son-premier-titre-europeen-face-a-northampton-20250524\" data-fig-type=\"NewsFlash\" data-gtm-custom-categorie=\"navigation\" data-gtm-custom-action=\"crossclick\" data-gtm-custom-label=\"Contextuel\" data-gtm-event=\"customEventSPE\" data-fig-domain=\"LEFIGARO\" target=\"_blank\" rel=\"noopener\">leur victoire \u00e0 Cardiff contre les Anglais de Northampton<\/a>, les joueurs de Bordeaux-B\u00e8gles ont commenc\u00e9 \u00e0 bien f\u00eater ce premier sacre historique dans leur courte histoire (cr\u00e9ation du club en 2006).<\/p>\n<p class=\"fig-paragraph\"><a href=\"http:\/\/www.lefigaro.fr\/sports\/rugby\/champions-cup-auteur-d-un-nouveau-record-damian-penaud-elu-joueur-de-la-competition-20250524\" data-fig-type=\"NewsFlash\" data-gtm-custom-categorie=\"navigation\" data-gtm-custom-action=\"crossclick\" data-gtm-custom-label=\"Contextuel\" data-gtm-event=\"customEventSPE\" data-fig-domain=\"LEFIGARO\" target=\"_blank\" rel=\"noopener\">Damian Penaud<\/a>\u00a0a \u00e9t\u00e9 le premier \u00e0 lancer les festivit\u00e9s en chevauchant, sur la pelouse du Principality Stadium, le z\u00e8bre qui est la mascotte d\u2019Investec, le sponsor principal de la comp\u00e9tition. \u00abOn dit que je suis un Z\u00e8bre alors je me suis dit\u00a0: pourquoi ne pas monter dessus\u00bb, a racont\u00e9 en souriant l\u2019ailier auteur d\u2019un doubl\u00e9 et recordman du nombre d\u2019essais inscrits sur une \u00e9dition (14).<\/p>\n<p class=\"fig-paragraph\">Peu de temps apr\u00e8s, dans les coursives du stade, se tenait la traditionnelle conf\u00e9rence de presse d\u2019apr\u00e8s-match. Yannick Bru, Maxime Lucu et Jefferson Poirot \u00e9taient les pr\u00e9pos\u00e9s \u00e0 l\u2019exercice m\u00e9diatique et ils ont \u00e9t\u00e9 interrompus, pendant quelques minutes, par plusieurs de leurs co\u00e9quipiers qui ont jet\u00e9 de la bi\u00e8re partout en scandant \u00abon est les champions\u00a0!\u00bb.<\/p>\n<p>Les joueurs tout nus pour les c\u00e9l\u00e9brations dimanche \u00e0 Bordeaux\u00a0?<\/p>\n<p class=\"fig-paragraph\">Une c\u00e9l\u00e9bration qui a rappel\u00e9 celle des joueurs de l\u2019\u00e9quipe de France de Didier Deschamps quand ils avaient \u00e9t\u00e9 sacr\u00e9s champions du monde en Russie en 2018. \u00c0 une diff\u00e9rence pr\u00e8s\u00a0: ce samedi, lors de ce petit happening bon enfant, un des joueurs avait mis une t\u00eate de lion. Il s\u2019agissait du\u00a0<a href=\"http:\/\/www.lefigaro.fr\/sports\/rugby\/coupe-d-europe\/l-ubb-remporte-sa-premiere-champions-cup-quelle-putain-d-histoire-savoure-un-jalibert-emu-20250524\" data-fig-type=\"NewsFlash\" data-gtm-custom-categorie=\"navigation\" data-gtm-custom-action=\"crossclick\" data-gtm-custom-label=\"Contextuel\" data-gtm-event=\"customEventSPE\" data-fig-domain=\"LEFIGARO\" target=\"_blank\" rel=\"noopener\">demi d\u2019ouverture Matthieu Jalibert, enfant de l\u2019UBB.\u00a0<\/a><\/p>\n<p class=\"fig-paragraph\">Qui a rappel\u00e9 que les joueurs avaient promis de se pr\u00e9senter tout nu Place de la Bourse s\u2019ils \u00e9taient sacr\u00e9s champions d\u2019Europe. \u00abJ\u2019esp\u00e8re qu\u2019ils ne vont pas s\u2019en rappeler, mais bon, on le fera&#8230;\u00bb, a assur\u00e9 Matthieu Jalibert en vue des\u00a0<a href=\"http:\/\/www.lefigaro.fr\/sports\/rugby\/la-champions-parade-de-l-ubb-aura-lieu-dimanche-apres-midi-et-se-terminera-par-une-celebration-place-des-quinconces-20250524\" data-fig-type=\"NewsFlash\" data-gtm-custom-categorie=\"navigation\" data-gtm-custom-action=\"crossclick\" data-gtm-custom-label=\"Contextuel\" data-gtm-event=\"customEventSPE\" data-fig-domain=\"LEFIGARO\" target=\"_blank\" rel=\"noopener\">c\u00e9l\u00e9brations qui s\u2019annoncent d\u00e9lirantes, ce dimanche \u00e0 Bordeaux.<\/a> <\/p>\n<p class=\"fig-paragraph\">Dans les vestiaires, la f\u00eate a ensuite battu son plein. Et elle promet de durer quelques jours&#8230;<\/p>\n","protected":false},"excerpt":{"rendered":"\u00c0 l\u2019issue de leur victoire contre Northampton, les Bordelais ont commenc\u00e9 \u00e0 Cardiff \u00e0 bien f\u00eater le premier&hellip;\n","protected":false},"author":2,"featured_media":125385,"comment_status":"","ping_status":"","sticky":false,"template":"","format":"standard","meta":{"footnotes":""},"categories":[9],"tags":[3463,525,2211,3460,1089,814,2396,1011,27,4977,3462,955,2411,3464,2311,1980,479,2259,60,2310,2312,4364,7974],"class_list":{"0":"post-125384","1":"post","2":"type-post","3":"status-publish","4":"format-standard","5":"has-post-thumbnail","7":"category-sports","8":"tag-biarritz","9":"tag-calendrier","10":"tag-championnat-deurope","11":"tag-champions-cup","12":"tag-coupe-deurope","13":"tag-direct","14":"tag-finale","15":"tag-fr","16":"tag-france","17":"tag-le-scan-sport","18":"tag-leinster","19":"tag-match","20":"tag-munster","21":"tag-perpignan","22":"tag-racing","23":"tag-resultats","24":"tag-rugby","25":"tag-score","26":"tag-sports","27":"tag-toulon","28":"tag-toulouse","29":"tag-ubb","30":"tag-union-bordeaux-begles"},"share_on_mastodon":{"url":"https:\/\/pubeurope.com\/@fr\/114564771558008485","error":""},"_links":{"self":[{"href":"https:\/\/www.europesays.com\/fr\/wp-json\/wp\/v2\/posts\/125384","targetHints":{"allow":["GET"]}}],"collection":[{"href":"https:\/\/www.europesays.com\/fr\/wp-json\/wp\/v2\/posts"}],"about":[{"href":"https:\/\/www.europesays.com\/fr\/wp-json\/wp\/v2\/types\/post"}],"author":[{"embeddable":true,"href":"https:\/\/www.europesays.com\/fr\/wp-json\/wp\/v2\/users\/2"}],"replies":[{"embeddable":true,"href":"https:\/\/www.europesays.com\/fr\/wp-json\/wp\/v2\/comments?post=125384"}],"version-history":[{"count":0,"href":"https:\/\/www.europesays.com\/fr\/wp-json\/wp\/v2\/posts\/125384\/revisions"}],"wp:featuredmedia":[{"embeddable":true,"href":"https:\/\/www.europesays.com\/fr\/wp-json\/wp\/v2\/media\/125385"}],"wp:attachment":[{"href":"https:\/\/www.europesays.com\/fr\/wp-json\/wp\/v2\/media?parent=125384"}],"wp:term":[{"taxonomy":"category","embeddable":true,"href":"https:\/\/www.europesays.com\/fr\/wp-json\/wp\/v2\/categories?post=125384"},{"taxonomy":"post_tag","embeddable":true,"href":"https:\/\/www.europesays.com\/fr\/wp-json\/wp\/v2\/tags?post=125384"}],"curies":[{"name":"wp","href":"https:\/\/api.w.org\/{rel}","templated":true}]}}