{"id":125390,"date":"2025-05-24T20:49:10","date_gmt":"2025-05-24T20:49:10","guid":{"rendered":"https:\/\/www.europesays.com\/fr\/125390\/"},"modified":"2025-05-24T20:49:10","modified_gmt":"2025-05-24T20:49:10","slug":"une-violence-inouie","status":"publish","type":"post","link":"https:\/\/www.europesays.com\/fr\/125390\/","title":{"rendered":"\u00ab une violence inou\u00efe \u00bb"},"content":{"rendered":"<p>            Par<br \/>\n        <strong><br \/>\n            <a href=\"https:\/\/actu.fr\/auteur\/laurent-fortin\" title=\"Consulter tous les articles de Laurent Fortin\" target=\"_blank\" rel=\"noopener\">Laurent Fortin<\/a><br \/>\n        <\/strong><\/p>\n<p>        Publi\u00e9 le<\/p>\n<p>            24 mai 2025 \u00e0 17h50        <\/p>\n<p><b>Beaucoup de larmes et de pleurs ce vendredi 23\u00a0mai<\/b> dans l\u2019entreprise de fabrication de bougies <a href=\"https:\/\/www.bougies-denis.com\/\" target=\"_blank\" rel=\"noopener\">Denis et fils<\/a> \u00e0 <a href=\"https:\/\/actu.fr\/pays-de-la-loire\/getigne_44063\" target=\"_blank\" rel=\"noopener\"><b>G\u00e9tign\u00e9<\/b><\/a>. Bien que <a href=\"https:\/\/actu.fr\/pays-de-la-loire\/getigne_44063\/elle-avait-120-ans-cette-entreprise-de-loire-atlantique-va-cesser-son-activite_62624400.html\" target=\"_blank\" rel=\"noopener\">le sort de cette entreprise soit scell\u00e9<\/a> depuis quelques semaines maintenant,<b> la soixantaine de salari\u00e9s licenci\u00e9s ne pensaient pas \u00eatre d\u00e9gag\u00e9s aussi rapidement.<\/b><\/p>\n<p class=\" wall-content\">Alors que,<b> mercredi 21\u00a0mai,<\/b> le<b> tribunal de commerce de Nantes <\/b>ent\u00e9rinait la reprise partielle de l\u2019activit\u00e9 par le<a href=\"https:\/\/www.emosia.fr\/\" target=\"_blank\" rel=\"noopener\"> groupe Emosia<\/a> avec 32 salari\u00e9s, dont les 6 alternants, qui iront sur le site de la<a href=\"https:\/\/www.emosia.fr\/bougie-la-francaise\/\" target=\"_blank\" rel=\"noopener\"> Bougies la Fran\u00e7aise <\/a>\u00e0 <b>Cugand<\/b>, sur les 92 que comptait la soci\u00e9t\u00e9, les lettres de sorties sont arriv\u00e9es hier matin, \u00e0 G\u00e9tign\u00e9, pour les autres. Certains y travaillaient depuis 25\u00a0ans, d\u2019autres 30\u00a0ans. Le choc.<\/p>\n<blockquote class=\"ac-article-quote wall-content\">\n<p>\u00c7a a \u00e9t\u00e9 d\u2019une violence inou\u00efe. Les salari\u00e9s sont arriv\u00e9s vendredi matin en pensant qu\u2019il restait encore quelques jours, voire semaine \u00e0 travailler. Avec le temps de se faire \u00e0 l\u2019id\u00e9e. Finalement, le soir, c\u2019\u00e9tait fini. Lundi, ils ne reviendront pas. Pire, certains l\u2019ont appris alors qu\u2019ils ne travaillaient pas. Des ann\u00e9es tir\u00e9es d\u2019un trait\u00a0\u00bb<\/p>\n<p>Kathlyn Houssais, \u00e9lue au CSE, qui est venue r\u00e9conforter ces coll\u00e8gues.<\/p><\/blockquote>\n<p class=\" wall-content\">M\u00eame si la plupart demandaient \u00e0 \u00eatre licenci\u00e9s<b>, ils ne pensaient pas que ce serait aussi brutal.<\/b> M\u00eame le directeur du groupe Devineau \u00e9tait surpris.<b> L\u2019administrateur judiciaire a voulu faire vite.<\/b><\/p>\n<p>Vid\u00e9os : en ce moment sur Actu<\/p>\n<p class=\" wall-content\">Reste \u00e0 savoir comment va fonctionner lundi, ce qui reste de l\u2019entreprise avec cette \u00e9quipe tr\u00e8s r\u00e9duite, alors qu\u2019ils ont \u00e9t\u00e9 jusqu\u2019\u00e0 pr\u00e8s de 200 salari\u00e9s.<\/p>\n<blockquote class=\"ac-article-quote wall-content\">\n<p>Il n\u2019y a, par exemple, plus d\u2019\u00e9quipe de maintenance.<\/p>\n<\/blockquote>\n<p class=\" wall-content\">La repr\u00e9sentante du personnel. <b>Logiquement, l\u2019activit\u00e9 sur le site de G\u00e9tign\u00e9 doit terminer fin septembre.<\/b> La bougie va mettre un peu de temps \u00e0 s\u2019\u00e9teindre.<\/p>\n<p class=\" wall-content\">Suivez toute l\u2019actualit\u00e9 de vos villes et m\u00e9dias favoris en vous inscrivant \u00e0 <a href=\"https:\/\/moncompte.actu.fr\" title=\"D\u00e9couvez Mon Actu\" rel=\"nofollow noopener\" data-trk=\"{&quot;cta&quot;:{&quot;action&quot;:&quot;https:\\\/\\\/moncompte.actu.fr&quot;,&quot;category&quot;:&quot;mon compte&quot;,&quot;from&quot;:&quot;article footer&quot;,&quot;name&quot;:&quot;Mon actu&quot;,&quot;type&quot;:&quot;cta&quot;}}\" target=\"_blank\">Mon Actu<\/a>.<\/p>\n<ul class=\"ac-article-tag wall-content\">\n<li><a href=\"https:\/\/actu.fr\/tag\/chomage\" data-trk=\"{&quot;cta&quot;:{&quot;action&quot;:&quot;Ch\\u00f4mage&quot;,&quot;category&quot;:&quot;tag&quot;,&quot;from&quot;:&quot;article footer&quot;,&quot;name&quot;:&quot;Ch\\u00f4mage&quot;,&quot;type&quot;:&quot;cta&quot;}}\" target=\"_blank\" rel=\"noopener\">#Ch\u00f4mage<\/a><\/li>\n<li><a href=\"https:\/\/actu.fr\/tag\/vignoble-nantais\" data-trk=\"{&quot;cta&quot;:{&quot;action&quot;:&quot;Vignoble nantais&quot;,&quot;category&quot;:&quot;tag&quot;,&quot;from&quot;:&quot;article footer&quot;,&quot;name&quot;:&quot;Vignoble nantais&quot;,&quot;type&quot;:&quot;cta&quot;}}\" target=\"_blank\" rel=\"noopener\">#Vignoble nantais<\/a><\/li>\n<\/ul>\n","protected":false},"excerpt":{"rendered":"Par Laurent Fortin Publi\u00e9 le 24 mai 2025 \u00e0 17h50 Beaucoup de larmes et de pleurs ce vendredi&hellip;\n","protected":false},"author":2,"featured_media":125391,"comment_status":"","ping_status":"","sticky":false,"template":"","format":"standard","meta":{"footnotes":""},"categories":[6],"tags":[35,214,33,34,1011,27,104,2900],"class_list":{"0":"post-125390","1":"post","2":"type-post","3":"status-publish","4":"format-standard","5":"has-post-thumbnail","7":"category-economie","8":"tag-business","9":"tag-chomage","10":"tag-economie","11":"tag-economy","12":"tag-fr","13":"tag-france","14":"tag-societe","15":"tag-vignoble-nantais"},"share_on_mastodon":{"url":"https:\/\/pubeurope.com\/@fr\/114564783431527113","error":""},"_links":{"self":[{"href":"https:\/\/www.europesays.com\/fr\/wp-json\/wp\/v2\/posts\/125390","targetHints":{"allow":["GET"]}}],"collection":[{"href":"https:\/\/www.europesays.com\/fr\/wp-json\/wp\/v2\/posts"}],"about":[{"href":"https:\/\/www.europesays.com\/fr\/wp-json\/wp\/v2\/types\/post"}],"author":[{"embeddable":true,"href":"https:\/\/www.europesays.com\/fr\/wp-json\/wp\/v2\/users\/2"}],"replies":[{"embeddable":true,"href":"https:\/\/www.europesays.com\/fr\/wp-json\/wp\/v2\/comments?post=125390"}],"version-history":[{"count":0,"href":"https:\/\/www.europesays.com\/fr\/wp-json\/wp\/v2\/posts\/125390\/revisions"}],"wp:featuredmedia":[{"embeddable":true,"href":"https:\/\/www.europesays.com\/fr\/wp-json\/wp\/v2\/media\/125391"}],"wp:attachment":[{"href":"https:\/\/www.europesays.com\/fr\/wp-json\/wp\/v2\/media?parent=125390"}],"wp:term":[{"taxonomy":"category","embeddable":true,"href":"https:\/\/www.europesays.com\/fr\/wp-json\/wp\/v2\/categories?post=125390"},{"taxonomy":"post_tag","embeddable":true,"href":"https:\/\/www.europesays.com\/fr\/wp-json\/wp\/v2\/tags?post=125390"}],"curies":[{"name":"wp","href":"https:\/\/api.w.org\/{rel}","templated":true}]}}