{"id":125402,"date":"2025-05-24T20:55:22","date_gmt":"2025-05-24T20:55:22","guid":{"rendered":"https:\/\/www.europesays.com\/fr\/125402\/"},"modified":"2025-05-24T20:55:22","modified_gmt":"2025-05-24T20:55:22","slug":"villey-saint-etienne-cetait-la-fete-des-voisins-rue-de-liverdun","status":"publish","type":"post","link":"https:\/\/www.europesays.com\/fr\/125402\/","title":{"rendered":"Villey-Saint-\u00c9tienne. C\u2019\u00e9tait la f\u00eate des voisins rue de Liverdun"},"content":{"rendered":"<p>Ce mardi soir, comme le veut la tradition chaque ann\u00e9e \u00e0 l\u2019approche de la date officielle de la f\u00eate des voisins, une vingtaine de riverains de la rue de la Liverdun se sont r\u00e9unis au niveau du passage du Dany, pour partager un moment convivial et profiter de ces belles journ\u00e9es ensoleill\u00e9es avec les journ\u00e9es qui rallongent et annoncent enfin l\u2019arriv\u00e9e de l\u2019\u00e9t\u00e9.<\/p>\n","protected":false},"excerpt":{"rendered":"Ce mardi soir, comme le veut la tradition chaque ann\u00e9e \u00e0 l\u2019approche de la date officielle de la&hellip;\n","protected":false},"author":2,"featured_media":125403,"comment_status":"","ping_status":"","sticky":false,"template":"","format":"standard","meta":{"footnotes":""},"categories":[9635],"tags":[1111,11,11735,1687,1705,1777,674,1011,27,775,1702,12,25,19671],"class_list":{"0":"post-125402","1":"post","2":"type-post","3":"status-publish","4":"format-standard","5":"has-post-thumbnail","7":"category-nancy","8":"tag-actu","9":"tag-actualites","10":"tag-cc-terres-touloises-54d","11":"tag-culture-loisirs","12":"tag-edition-toul","13":"tag-eu","14":"tag-europe","15":"tag-fr","16":"tag-france","17":"tag-grand-est","18":"tag-nancy","19":"tag-news","20":"tag-republique-francaise","21":"tag-villey-saint-etienne"},"share_on_mastodon":{"url":"https:\/\/pubeurope.com\/@fr\/114564806975562128","error":""},"_links":{"self":[{"href":"https:\/\/www.europesays.com\/fr\/wp-json\/wp\/v2\/posts\/125402","targetHints":{"allow":["GET"]}}],"collection":[{"href":"https:\/\/www.europesays.com\/fr\/wp-json\/wp\/v2\/posts"}],"about":[{"href":"https:\/\/www.europesays.com\/fr\/wp-json\/wp\/v2\/types\/post"}],"author":[{"embeddable":true,"href":"https:\/\/www.europesays.com\/fr\/wp-json\/wp\/v2\/users\/2"}],"replies":[{"embeddable":true,"href":"https:\/\/www.europesays.com\/fr\/wp-json\/wp\/v2\/comments?post=125402"}],"version-history":[{"count":0,"href":"https:\/\/www.europesays.com\/fr\/wp-json\/wp\/v2\/posts\/125402\/revisions"}],"wp:featuredmedia":[{"embeddable":true,"href":"https:\/\/www.europesays.com\/fr\/wp-json\/wp\/v2\/media\/125403"}],"wp:attachment":[{"href":"https:\/\/www.europesays.com\/fr\/wp-json\/wp\/v2\/media?parent=125402"}],"wp:term":[{"taxonomy":"category","embeddable":true,"href":"https:\/\/www.europesays.com\/fr\/wp-json\/wp\/v2\/categories?post=125402"},{"taxonomy":"post_tag","embeddable":true,"href":"https:\/\/www.europesays.com\/fr\/wp-json\/wp\/v2\/tags?post=125402"}],"curies":[{"name":"wp","href":"https:\/\/api.w.org\/{rel}","templated":true}]}}