{"id":125404,"date":"2025-05-24T20:56:32","date_gmt":"2025-05-24T20:56:32","guid":{"rendered":"https:\/\/www.europesays.com\/fr\/125404\/"},"modified":"2025-05-24T20:56:32","modified_gmt":"2025-05-24T20:56:32","slug":"forum-de-recrutement-alternance-a-nancy-factuel","status":"publish","type":"post","link":"https:\/\/www.europesays.com\/fr\/125404\/","title":{"rendered":"Forum de recrutement alternance \u00e0 Nancy | Factuel"},"content":{"rendered":"<p>L&rsquo;Universit\u00e9 de Lorraine organise un forum de recrutement alternance.<\/p>\n<p>(Une attestation de pr\u00e9sence pourra vous \u00eatre remise le jour du forum en main propre, sur demande. Attention : il sera impossible de se garer dans l&rsquo;enceinte du conseil d\u00e9partemental.)<\/p>\n<p>AFPA Grand-Est<br \/>\n\tAgria Grand-Est<br \/>\n\tAldi<br \/>\n\tArvato Atton<br \/>\n\tAssociation Addictions France<br \/>\n\tAtos<br \/>\n\tAxyscom<\/p>\n<p>\tBanque CIC<br \/>Batig\u00e8re<br \/>Batt et Associ\u00e9s<br \/>Bouygues B\u00e2timent Nord-Est<br \/>Brico D\u00e9p\u00f4t<\/p>\n<p>\tCabinet Walter<br \/>Castorama<br \/>Centre Hospitalier R\u00e9gional et Universitaire de Nancy<br \/>Conseil D\u00e9partemental de Meurthe-et-Moselle<br \/>Continental France SAS<br \/>Cr\u00e9dit Agricole de Lorraine<\/p>\n<p>\tEDF Centrale nucl\u00e9aire de Cattenom<br \/>ENGIE<br \/>ENSIO &#8211; EST<br \/>\u00c9pisaveurs<br \/>Equans Ineo ITE<br \/>Euro-information<br \/>Eurom\u00e9tropole de Metz et Ville de Metz<br \/>Euroserum \/ Sodiaal<br \/>Exco Nexiom<\/p>\n<p>\tF\u00e9d\u00e9ration D\u00e9partementale du BTP 54<\/p>\n<p>\tGRDF<br \/>Groupe Coop\u00e9rative Agricole Lorraine<\/p>\n<p>\tIk\u00e9a<\/p>\n<p>\tLa Coop\u00e9rative Welcoop<br \/>Leroy Merlin<\/p>\n<p>\tMauffrey<br \/>Noremat<br \/>Novasco (ex Ascom\u00e9tal)<\/p>\n<p>\tOddity VR<\/p>\n<p>\tRTE<br \/>Rydge Conseil (ex KPMG)<\/p>\n<p>\tSaint-Gobain PAM Canalisation<br \/>Sofidel France<br \/>Sologest Audit et Conseil<br \/>SOVAB<br \/>SPIE<br \/>STEF Logistique<\/p>\n<p>\tThyssenkrupp Presta France SAS<br \/>TotalEnergies<\/p>\n<p>\tV\u00e9olia Eau &#8211; Compagnie G\u00e9n\u00e9rale des Eaux<\/p>\n<p>\tZF Active Safety France SAS<\/p>\n","protected":false},"excerpt":{"rendered":"L&rsquo;Universit\u00e9 de Lorraine organise un forum de recrutement alternance. (Une attestation de pr\u00e9sence pourra vous \u00eatre remise le&hellip;\n","protected":false},"author":2,"featured_media":125405,"comment_status":"","ping_status":"","sticky":false,"template":"","format":"standard","meta":{"footnotes":""},"categories":[9635],"tags":[1111,11,14117,6211,1777,674,1011,27,775,1272,1702,12,25,14116],"class_list":{"0":"post-125404","1":"post","2":"type-post","3":"status-publish","4":"format-standard","5":"has-post-thumbnail","7":"category-nancy","8":"tag-actu","9":"tag-actualites","10":"tag-colloque","11":"tag-conference","12":"tag-eu","13":"tag-europe","14":"tag-fr","15":"tag-france","16":"tag-grand-est","17":"tag-manifestations","18":"tag-nancy","19":"tag-news","20":"tag-republique-francaise","21":"tag-seminaire"},"share_on_mastodon":{"url":"https:\/\/pubeurope.com\/@fr\/114564810925465539","error":""},"_links":{"self":[{"href":"https:\/\/www.europesays.com\/fr\/wp-json\/wp\/v2\/posts\/125404","targetHints":{"allow":["GET"]}}],"collection":[{"href":"https:\/\/www.europesays.com\/fr\/wp-json\/wp\/v2\/posts"}],"about":[{"href":"https:\/\/www.europesays.com\/fr\/wp-json\/wp\/v2\/types\/post"}],"author":[{"embeddable":true,"href":"https:\/\/www.europesays.com\/fr\/wp-json\/wp\/v2\/users\/2"}],"replies":[{"embeddable":true,"href":"https:\/\/www.europesays.com\/fr\/wp-json\/wp\/v2\/comments?post=125404"}],"version-history":[{"count":0,"href":"https:\/\/www.europesays.com\/fr\/wp-json\/wp\/v2\/posts\/125404\/revisions"}],"wp:featuredmedia":[{"embeddable":true,"href":"https:\/\/www.europesays.com\/fr\/wp-json\/wp\/v2\/media\/125405"}],"wp:attachment":[{"href":"https:\/\/www.europesays.com\/fr\/wp-json\/wp\/v2\/media?parent=125404"}],"wp:term":[{"taxonomy":"category","embeddable":true,"href":"https:\/\/www.europesays.com\/fr\/wp-json\/wp\/v2\/categories?post=125404"},{"taxonomy":"post_tag","embeddable":true,"href":"https:\/\/www.europesays.com\/fr\/wp-json\/wp\/v2\/tags?post=125404"}],"curies":[{"name":"wp","href":"https:\/\/api.w.org\/{rel}","templated":true}]}}