{"id":125415,"date":"2025-05-24T21:05:11","date_gmt":"2025-05-24T21:05:11","guid":{"rendered":"https:\/\/www.europesays.com\/fr\/125415\/"},"modified":"2025-05-24T21:05:11","modified_gmt":"2025-05-24T21:05:11","slug":"rennes-soffre-la-coupe-gambardella-coupe-gambardella-finale-dijon-rennes-2-3","status":"publish","type":"post","link":"https:\/\/www.europesays.com\/fr\/125415\/","title":{"rendered":"Rennes s&rsquo;offre la Coupe Gambardella &#8211; Coupe Gambardella &#8211; Finale &#8211; Dijon-Rennes (2-3)"},"content":{"rendered":"<p>\t\t\t<img decoding=\"async\" loading=\"lazy\" class=\"blason blason-grand\" src=\"https:\/\/www.europesays.com\/fr\/wp-content\/uploads\/2025\/05\/1748120709_215_grande.jpg\"\/> Dijon 2-3 Rennes <img decoding=\"async\" loading=\"lazy\" class=\"blason blason-grand\" src=\"https:\/\/www.europesays.com\/fr\/wp-content\/uploads\/2025\/04\/1744694119_584_grande.jpg\"\/><\/p>\n<p>Buts : Mimoune (44e) et Doucour\u00e9 (61e) pour le DFCO \/\/ Rosier (2e), Gbeme (28e) et Me\u00eft\u00e9 (89e) pour le SRFC<\/p>\n<p>Une belle \u00e9claircie pour boucler une triste saison rennaise.<\/p>\n<p>Les jeunes du Stade rennais ont pris le dessus sur Dijon, ce samedi apr\u00e8s-midi, en finale de la Coupe Gambardella (2-3) pour offrir au club breton un quatri\u00e8me titre dans la comp\u00e9tition.\u00a0Les supporters des deux camps ont \u00e0 peine eu le temps de s\u2019installer dans leurs petits espaces r\u00e9serv\u00e9s dans un Stade de France qui sonnait forc\u00e9ment creux \u00e0 17h15 que les Bretons ont d\u00e9cid\u00e9 de lancer la finale. Pas de temps \u00e0 perdre pour Mohamed Chebbi, qui a d\u00e9boul\u00e9 sur son c\u00f4t\u00e9 droit pour filer dans la surface et claquer un centre en retrait repris par Lucas Rosier <strong>(0-1, 2e)<\/strong>. Facile, trop facile pour des Rennais qui ont souvent montr\u00e9 leur sup\u00e9riorit\u00e9 dans une premi\u00e8re p\u00e9riode quasiment \u00e0 sens unique.<\/p>\n<p>Rosier en feu, Me\u00eft\u00e9 pour la d\u00e9livrance<\/p>\n<p>Une domination qui n\u2019a pas emp\u00each\u00e9 une supportrice d\u2019encha\u00eener les hurlements tr\u00e8s aigus dans une enceinte se remplissant au compte-gouttes. Les Parisiens ou R\u00e9mois pr\u00e9f\u00e9rant arriver tr\u00e8s t\u00f4t n\u2019ont pas manqu\u00e9 le deuxi\u00e8me pion rennais. Cette fois parti d\u2019un corner, et cette fois avec un Rosier passeur d\u00e9cisif d\u2019une belle inspiration dos au but pour mettre le ballon devant la cage : bingo pour Mervin Gbeme, pla\u00e7ant une t\u00eate lob\u00e9e devant une sortie hasardeuse d\u2019Ylann Marie-Rose <strong>(0-2, 28e)<\/strong>. Compliqu\u00e9 pour les Bourguignons, qui ont profit\u00e9 d\u2019un possible exc\u00e8s de confiance chez les Rouge et Noir pour revenir dans le coup avant la pause. Rosier venait tout juste de manquer une balle de 3-0 quand, dans la foul\u00e9e, Hatem Mimoune a mystifi\u00e9 Ayoube Akabou d\u2019une belle frappe <strong>(1-2, 44e)<\/strong>.<\/p>\n<p>Rennes a pu commencer \u00e0 se dire que cela ne tournait plus vraiment dans le bon sens apr\u00e8s la pause. Mohamed Kader Me\u00eft\u00e9, souvent titulaire sur les derniers mois de la saison dans l\u2019\u00e9quipe de Habib Beye, s\u2019est tromp\u00e9 de pied au moment de conclure sur un joli centre de Chebbi et Noah Loufoundou a trouv\u00e9 le haut de la barre. Alors, Dijon s\u2019est charg\u00e9 de remettre les compteurs \u00e0 z\u00e9ro : Mimoune, encore lui, a r\u00e9gl\u00e9 son pied pour plomber les Bretons dans la profondeur, o\u00f9 Sirina Doucour\u00e9 s\u2019est engouffr\u00e9 pour aller ajuster Ayoube Akabou <strong>(2-2, 61e)<\/strong>.<\/p>\n<blockquote class=\"twitter-tweet\">\n<p lang=\"fr\" dir=\"ltr\">\ud835\udddc\ud835\udddf\ud835\udde6 \ud835\udddf&rsquo;\ud835\udde2\ud835\udde1\ud835\udde7 \ud835\uddd9\ud835\uddd4\ud835\udddc\ud835\udde7 \ud83c\udfc6<br \/>\nLes Rouge et Noir d\u00e9crochent la \ud835\udc6a\ud835\udc90\ud835\udc96\ud835\udc91\ud835\udc86 \ud835\udc6e\ud835\udc82\ud835\udc8e\ud835\udc83\ud835\udc82\ud835\udc93\ud835\udc85\ud835\udc86\ud835\udc8d\ud835\udc8d\ud835\udc82 en s&rsquo;imposant face \u00e0 Dijon par 3 buts \u00e0 2. Le troph\u00e9e est Rennais pour la 4e fois ! Bravo \u00e0 ce groupe qui fait la fiert\u00e9 du SRFC. \ud83d\udd25<a target=\"_blank\" href=\"https:\/\/twitter.com\/hashtag\/GambardSRFC?src=hash&amp;ref_src=twsrc%5Etfw\" rel=\"nofollow noopener\">#GambardSRFC<\/a> <a target=\"_blank\" href=\"https:\/\/twitter.com\/hashtag\/DFCOSRFC?src=hash&amp;ref_src=twsrc%5Etfw\" rel=\"nofollow noopener\">#DFCOSRFC<\/a> 2-3 <a target=\"_blank\" href=\"https:\/\/t.co\/bnrf3nmUmO\" rel=\"nofollow\">pic.twitter.com\/bnrf3nmUmO<\/a><\/p>\n<p>\u2014 Stade Rennais F.C. (@staderennais) <a target=\"_blank\" href=\"https:\/\/twitter.com\/staderennais\/status\/1926325216667488715?ref_src=twsrc%5Etfw\" rel=\"nofollow noopener\">May 24, 2025<\/a><\/p><\/blockquote>\n<p>Moins pr\u00e9cis techniquement, moins dans le coup et en manque de cr\u00e9ativit\u00e9 dans le camp dijonnais, le SRFC a longtemps bafouill\u00e9 apr\u00e8s l\u2019\u00e9galisation, sans que Dijon ne se cr\u00e9\u00e9 d\u2019autres occasions. La s\u00e9ance de tirs au but commen\u00e7ait \u00e0 se rapprocher quand les Rennais ont repris le dessus \u00e0 l\u2019aube du temps additionnel. La lumi\u00e8re est venue de Rosier, encore une fois, avec un centre d\u00e9pos\u00e9 sur la t\u00eate de Me\u00eft\u00e9 qui a conclu de pr\u00e8s <strong>(2-3, 89e)<\/strong>. L\u2019attaquant et toute la bande ont sprint\u00e9 vers le virage rennais pour prendre un bain de foule, comme au coup de sifflet final pour c\u00e9l\u00e9brer le premier titre rennais en Gambardella depuis celui de 2008.<\/p>\n<p>Et le doubl\u00e9 pour l\u2019entra\u00eeneur William Stanger, d\u00e9j\u00e0 vainqueur du tournoi en tant que joueur avec Rennes\u2026 en 2003 !<\/p>\n<p><strong> <img decoding=\"async\" loading=\"lazy\" class=\"blason blason-petit\" src=\"https:\/\/www.europesays.com\/fr\/wp-content\/uploads\/2025\/05\/1748120709_215_grande.jpg\"\/> Dijon :<\/strong> Marie-Rose \u2013 Mougammadou, Puleri, D\u2019Elia, Djadja \u2013 Gazon, Doucour\u00e9, Mahamat-Bindi \u2013 Mimoune (Bouzaiene, 82e), Rivi\u00e8re, Lagnon (Fourlin, 77e).<strong> Entra\u00eeneur :<\/strong> S\u00e9bastien Perrin.<\/p>\n<p><strong> <img decoding=\"async\" loading=\"lazy\" class=\"blason blason-petit\" src=\"https:\/\/www.europesays.com\/fr\/wp-content\/uploads\/2025\/04\/1744694119_584_grande.jpg\"\/> Rennes :<\/strong> Akabou \u2013 Chebbi, Lomet, Ak\u00e9, Gbeme \u2013 J-E Coulibaly, Mvodo (Ugochukwu, 63e), Loufoundou (Traor\u00e9, 63e) \u2013 B. Coulibaly (Dongopandji, 79e), Me\u00eft\u00e9, Rosier. <strong>Entra\u00eeneur :<\/strong> William Stanger.<\/p>\n<p>\t\t\t\t\t\t\t\t\t\t<a class=\"lien-connexe\" href=\"https:\/\/www.sofoot.com\/breves\/rennes-et-dijon-se-donnent-rendez-vous-en-finale-de-la-coupe-gambardella\" rel=\"nofollow noopener\" target=\"_blank\">Rennes et Dijon se donnent rendez-vous en finale de la Coupe Gambardella<\/a>\t\t\t\t\t<script async src=\"https:\/\/platform.twitter.com\/widgets.js\" charset=\"utf-8\"><\/script><\/p>\n","protected":false},"excerpt":{"rendered":"Dijon 2-3 Rennes Buts : Mimoune (44e) et Doucour\u00e9 (61e) pour le DFCO \/\/ Rosier (2e), Gbeme (28e)&hellip;\n","protected":false},"author":2,"featured_media":125416,"comment_status":"","ping_status":"","sticky":false,"template":"","format":"standard","meta":{"footnotes":""},"categories":[2821],"tags":[1111,47,11,61,829,69,65,64,1777,674,63,1011,27,68,66,12,62,70,584,25,67],"class_list":{"0":"post-125415","1":"post","2":"type-post","3":"status-publish","4":"format-standard","5":"has-post-thumbnail","7":"category-rennes","8":"tag-actu","9":"tag-actualite","10":"tag-actualites","11":"tag-actus-football","12":"tag-bretagne","13":"tag-bundesliga","14":"tag-championnats-europeens","15":"tag-equipe-de-france","16":"tag-eu","17":"tag-europe","18":"tag-football","19":"tag-fr","20":"tag-france","21":"tag-ligua","22":"tag-ligue-1","23":"tag-news","24":"tag-news-foot","25":"tag-premier-league","26":"tag-rennes","27":"tag-republique-francaise","28":"tag-serie-a"},"share_on_mastodon":{"url":"https:\/\/pubeurope.com\/@fr\/114564846409340563","error":""},"_links":{"self":[{"href":"https:\/\/www.europesays.com\/fr\/wp-json\/wp\/v2\/posts\/125415","targetHints":{"allow":["GET"]}}],"collection":[{"href":"https:\/\/www.europesays.com\/fr\/wp-json\/wp\/v2\/posts"}],"about":[{"href":"https:\/\/www.europesays.com\/fr\/wp-json\/wp\/v2\/types\/post"}],"author":[{"embeddable":true,"href":"https:\/\/www.europesays.com\/fr\/wp-json\/wp\/v2\/users\/2"}],"replies":[{"embeddable":true,"href":"https:\/\/www.europesays.com\/fr\/wp-json\/wp\/v2\/comments?post=125415"}],"version-history":[{"count":0,"href":"https:\/\/www.europesays.com\/fr\/wp-json\/wp\/v2\/posts\/125415\/revisions"}],"wp:featuredmedia":[{"embeddable":true,"href":"https:\/\/www.europesays.com\/fr\/wp-json\/wp\/v2\/media\/125416"}],"wp:attachment":[{"href":"https:\/\/www.europesays.com\/fr\/wp-json\/wp\/v2\/media?parent=125415"}],"wp:term":[{"taxonomy":"category","embeddable":true,"href":"https:\/\/www.europesays.com\/fr\/wp-json\/wp\/v2\/categories?post=125415"},{"taxonomy":"post_tag","embeddable":true,"href":"https:\/\/www.europesays.com\/fr\/wp-json\/wp\/v2\/tags?post=125415"}],"curies":[{"name":"wp","href":"https:\/\/api.w.org\/{rel}","templated":true}]}}