{"id":125426,"date":"2025-05-24T21:11:29","date_gmt":"2025-05-24T21:11:29","guid":{"rendered":"https:\/\/www.europesays.com\/fr\/125426\/"},"modified":"2025-05-24T21:11:29","modified_gmt":"2025-05-24T21:11:29","slug":"tentative-dassassinat-sur-un-policier-a-nantes-le-parquet-demande-lincarceration-de-la-suspecte-maville-caen","status":"publish","type":"post","link":"https:\/\/www.europesays.com\/fr\/125426\/","title":{"rendered":"Tentative d\u2019assassinat sur un policier \u00e0 Nantes : le parquet demande l\u2019incarc\u00e9ration de la suspecte &#8211; maville Caen"},"content":{"rendered":"<ol>\n<li><a href=\"https:\/\/news.google.com\/rss\/articles\/CBMi8gFBVV95cUxPWTVJTjY1R01FM0FZTlVLdTB3MHRobGotbW5xOVhGYXA4LWozaU5hTGFaU0pJWWFJek5EVUJORDZaSEl5N2QyT3Y4eXp5ZE95UlVOODRVX0dJRDlsRlBWSTR5T0NwaXlyMS05WVRFQzJoQmNYOHZRX0cwN2hzbnpyelZvdVBGZUcxdWxrR1hrbFJ5WlNUWVJ1UVNSRVYyUzRETWJiWVJiS1RyNFZ6b3FxQjN1LWY5azFZQVBEMUJkZGV2UzNlX2ZYRTBPUlR1M1c3Q1NmR1ZTRV9MUTdady1KcXBQMjhXa3p0dnppTm1Gb3RGQQ?oc=5\" target=\"_blank\" rel=\"nofollow noopener\">Tentative d\u2019assassinat sur un policier \u00e0 Nantes : le parquet demande l\u2019incarc\u00e9ration de la suspecte<\/a>&nbsp;&nbsp;maville Caen<\/li>\n<li><a href=\"https:\/\/news.google.com\/rss\/articles\/CBMiigJBVV95cUxPX3RtX18wZ1hXS3ctcTZva1lPQjZmam1VbmNYeFdUVktmS0JubFhENC1jT3g1TzZBek93Sng5dmF6VEJNNC12aGxpMXdwVzNYMm52eGplX1RYMThCNC1NUnA0bmxHdldpcUtOcnFKZjdjWlRZTWhwUXJnLVZpZFJVYlZhaldYaGtlLTVMbWhJQjBDS3hqUWwteW0wQ0Z6X0R1SVVrRV95UmFTN3BfaFA4QjF5SnYxUmNkR0tnWTN1M1lFZ3JBUzgxamFKVHFIcy1mUEY4QzN1SDZpUDhtRTdLSnVLdjVOSzNja3ByWktkVlFLMlQtckthTkttMkV6U1RWanc0WTJneWFyQQ?oc=5\" target=\"_blank\" rel=\"nofollow noopener\">Tentative d\u2019assassinat sur un policier \u00e0 Nantes : la suspecte de 22 ans mise en examen et incarc\u00e9r\u00e9e<\/a>&nbsp;&nbsp;Ouest-France<\/li>\n<li><a href=\"https:\/\/news.google.com\/rss\/articles\/CBMiygFBVV95cUxOVXdqSFlrbXZwWUhhWjEtOE1WWVNEUTdGUlhsd05ic2djbUF5VXdmUTFwX3ZwWFYxOEtWWl9zdlU0NkFMREc3LUVQZGpGel9NcVFUbGVGR2NKVEE0eUZ4UnZPeDJLVW5vSFpnSTBSM2JFUjh5Uk9DVzg2SjZac3BSb25URS1mWWluTXpQRmwyem84VnJiOEdXaG4tOWY5Z1dnNkxaNC1EM3ZvbndSMTVfWEF3Sjk1YTRzZjFuNWVhZkxnMTB4SXVvQ1h3?oc=5\" target=\"_blank\" rel=\"nofollow noopener\">Une femme de 22 ans appelle la police et attaque un agent au couteau<\/a>&nbsp;&nbsp;20 Minutes<\/li>\n<li><a href=\"https:\/\/news.google.com\/rss\/articles\/CBMirwJBVV95cUxOenplUEFnakFsR19FOV8zbElOUHpOTnU4WC1CNEVOWDBhUzlNWnZGTWNRcktVU2FZOHMxRnZXcndJdllHazJiZXBZdm5BWmxPazBwM1otcVFyemY0Q0tRN3J0ZU8wUUFLVzAzZ3RuYXBybWVzUHVjWlg5bnliUFhvR1pBU0ZkRjFoelVSUWxMbm5TdHJoaVctMjJiSGhoaUFFMERkOGJkVXhVRXFiUXBySFlWcTlLaFJwaHdFbWRtQlBUOXFKS2lKQVJ6TmtXNXBkY182OTBLUTlNWDVYdlVXX0xETk1BVURhb1FSeW1zOC1xOUxCSDhwZGZTdllNZHJLLWF3R3JGRTVQb2RyQ3hnaHN5c2tVNFg4aWx0YU5Za1lhcThRWEt0VnlwUENzOTg?oc=5\" target=\"_blank\" rel=\"nofollow noopener\">Elle invente une agression pour attirer les policiers et tente d&rsquo;assassiner un des fonctionnaires arriv\u00e9 sur place<\/a>&nbsp;&nbsp;France 3 R\u00e9gions<\/li>\n<li><a href=\"https:\/\/news.google.com\/rss\/articles\/CBMi4gFBVV95cUxOU3laRHRGdllsUk9WRGExcjBSdDQ5bGFINk9uYzdZVFdCQ0hqcllraHZXa19iT2RVa3Rac3UwVjhKeTZzR1M5VjlBU1hWOHhrdzR1R2U2MHJNTDU1R2FzWWxvVVg1WVV5OEFDRkhZU2JWNmtrWjh5N05tR3o5VXBQZHBqbjRPVTZDdlBLWmlzN29qSjY4cWFvUFhzYnJCX3NUTy1LZG1JeDZ2MTdSLXJsU3R3dWJ3TUJocUNmUXVRZnBiRDllR1hEclNPRm9KUGczMWdBYXZ6QU5pWG1nd3pMNUx3?oc=5\" target=\"_blank\" rel=\"nofollow noopener\">Pr\u00e8s de Nantes : la femme qui a tent\u00e9 de poignarder un policier mise en examen<\/a>&nbsp;&nbsp;Le Figaro<\/li>\n<\/ol>\n","protected":false},"excerpt":{"rendered":"Tentative d\u2019assassinat sur un policier \u00e0 Nantes : le parquet demande l\u2019incarc\u00e9ration de la suspecte&nbsp;&nbsp;maville Caen Tentative d\u2019assassinat&hellip;\n","protected":false},"author":2,"featured_media":125427,"comment_status":"","ping_status":"","sticky":false,"template":"","format":"standard","meta":{"footnotes":""},"categories":[2818],"tags":[1111,11,6744,5492,7650,1777,674,1011,27,24851,766,12,15860,2636,10910,25,16185,7451],"class_list":{"0":"post-125426","1":"post","2":"type-post","3":"status-publish","4":"format-standard","5":"has-post-thumbnail","7":"category-nantes","8":"tag-actu","9":"tag-actualites","10":"tag-assassinat","11":"tag-caen","12":"tag-demande","13":"tag-eu","14":"tag-europe","15":"tag-fr","16":"tag-france","17":"tag-incarceration","18":"tag-nantes","19":"tag-news","20":"tag-parquet","21":"tag-pays-de-la-loire","22":"tag-policier","23":"tag-republique-francaise","24":"tag-suspecte","25":"tag-tentative"},"share_on_mastodon":{"url":"https:\/\/pubeurope.com\/@fr\/114564870036762550","error":""},"_links":{"self":[{"href":"https:\/\/www.europesays.com\/fr\/wp-json\/wp\/v2\/posts\/125426","targetHints":{"allow":["GET"]}}],"collection":[{"href":"https:\/\/www.europesays.com\/fr\/wp-json\/wp\/v2\/posts"}],"about":[{"href":"https:\/\/www.europesays.com\/fr\/wp-json\/wp\/v2\/types\/post"}],"author":[{"embeddable":true,"href":"https:\/\/www.europesays.com\/fr\/wp-json\/wp\/v2\/users\/2"}],"replies":[{"embeddable":true,"href":"https:\/\/www.europesays.com\/fr\/wp-json\/wp\/v2\/comments?post=125426"}],"version-history":[{"count":0,"href":"https:\/\/www.europesays.com\/fr\/wp-json\/wp\/v2\/posts\/125426\/revisions"}],"wp:featuredmedia":[{"embeddable":true,"href":"https:\/\/www.europesays.com\/fr\/wp-json\/wp\/v2\/media\/125427"}],"wp:attachment":[{"href":"https:\/\/www.europesays.com\/fr\/wp-json\/wp\/v2\/media?parent=125426"}],"wp:term":[{"taxonomy":"category","embeddable":true,"href":"https:\/\/www.europesays.com\/fr\/wp-json\/wp\/v2\/categories?post=125426"},{"taxonomy":"post_tag","embeddable":true,"href":"https:\/\/www.europesays.com\/fr\/wp-json\/wp\/v2\/tags?post=125426"}],"curies":[{"name":"wp","href":"https:\/\/api.w.org\/{rel}","templated":true}]}}