{"id":125440,"date":"2025-05-24T21:19:20","date_gmt":"2025-05-24T21:19:20","guid":{"rendered":"https:\/\/www.europesays.com\/fr\/125440\/"},"modified":"2025-05-24T21:19:20","modified_gmt":"2025-05-24T21:19:20","slug":"prison-avec-sursis-requise-contre-un-adjoint-de-benoit-payan","status":"publish","type":"post","link":"https:\/\/www.europesays.com\/fr\/125440\/","title":{"rendered":"prison avec sursis requise contre un adjoint de Beno\u00eet Payan"},"content":{"rendered":"<p>            Par<br \/>\n        <strong><br \/>\n            <a href=\"https:\/\/actu.fr\/auteur\/redaction-marseille\" title=\"Consulter tous les articles de R\u00e9daction Marseille\" rel=\"nofollow noopener\" target=\"_blank\">R\u00e9daction Marseille<\/a><br \/>\n        <\/strong><\/p>\n<p>        Publi\u00e9 le<\/p>\n<p>            24 mai 2025 \u00e0 6h12        <\/p>\n<p>Une peine de 24\u00a0mois de prison avec sursis probatoire a \u00e9t\u00e9 requise ce jeudi 22\u00a0mai contre <strong>S\u00e9bastien Jibrayel,<\/strong> adjoint PS au maire de <a href=\"https:\/\/actu.fr\/marseille\/\" rel=\"nofollow noopener\" target=\"_blank\">Marseille<\/a>, poursuivi pour <a href=\"https:\/\/actu.fr\/provence-alpes-cote-d-azur\/marseille_13055\/agression-de-militants-lfi-a-marseille-un-adjoint-du-maire-benoit-payan-en-garde-a-vue_62357544.html\" rel=\"nofollow noopener\" target=\"_blank\">des violences contre des militants LFI<\/a> venus coller des affiches dans <a href=\"https:\/\/actu.fr\/tag\/quartiers-nord\" rel=\"nofollow noopener\" target=\"_blank\">les quartiers Nord.<\/a><\/p>\n<p class=\" wall-content\">Cette affaire avait conduit <a href=\"https:\/\/actu.fr\/tag\/benoit-payan\" rel=\"nofollow noopener\" target=\"_blank\">Beno\u00eet Payan (DVG)<\/a> \u00e0 retirer \u00e0 l\u2019\u00e9lu notamment charg\u00e9 des sports l\u2019ensemble de ses d\u00e9l\u00e9gations.<\/p>\n<p>\u00ab\u2009La d\u00e9mocratie \u00e0 terre ce jour-l\u00e0\u2009\u00bb<\/p>\n<p class=\" wall-content\">S\u00e9bastien Jibrayel, son p\u00e8re Henri, ex-d\u00e9put\u00e9 PS, et deux autres hommes sont poursuivis devant le tribunal judiciaire de Marseille pour des faits de <strong>violence en r\u00e9union<\/strong> ayant entra\u00een\u00e9 une incapacit\u00e9 temporaire de travail n\u2019exc\u00e9dant pas 8\u00a0jours contre deux militants LFI le 18\u00a0janvier dernier.<\/p>\n<p class=\" wall-content\">\u00ab\u2009La d\u00e9mocratie \u00e9tait \u00e0 terre ce jour-l\u00e0\u2009\u00bb, a d\u00e9plor\u00e9 la procureure qui a requis 24\u00a0mois de prison avec sursis probatoire contre S\u00e9bastien Jibrayel, et 18\u00a0mois de prison avec sursis probatoire contre Henri Jibrayel. Elle a \u00e9galement requis \u00e0 l\u2019encontre des deux hommes une <strong>privation des droits civiques de trois ans.<\/strong><\/p>\n<p>Pluie de coups<\/p>\n<p class=\" wall-content\">Sur les images de vid\u00e9osurveillance, visionn\u00e9es durant l\u2019audience, on voit deux militants LFI en train de d\u00e9coller des affiches devant une \u00e9cole. Un attroupement se cr\u00e9e ensuite et un d\u2019eux est violemment frapp\u00e9\u2009: <strong>gifles, coups de poing et coups de pied.<\/strong><\/p>\n<p>Vid\u00e9os : en ce moment sur Actu<\/p>\n<p class=\" wall-content\">S\u00e9bastien et Henri Jibrayel apparaissent sur les images, arrivant en voiture, se m\u00ealant \u00e0 l\u2019attroupement, avant de repartir.<\/p>\n<p class=\" wall-content\">La procureure a par ailleurs requis deux ans de prison, dont un avec sursis probatoire, contre Mohammed Aboud, qui a reconnu avoir port\u00e9 les coups et expliqu\u00e9 \u00e0 la barre avoir <strong>\u00ab\u2009perdu le contr\u00f4le\u2009\u00bb.<\/strong> Pour Lyece Choulak, conseiller d\u2019arrondissement des 15e et 16e arrondissements de Marseille, elle a requis 15\u00a0mois de prison avec sursis simple.<\/p>\n<p>\u00ab\u2009Un d\u00e9cha\u00eenement de violence\u2009\u00bb<\/p>\n<p class=\" wall-content\">Les images de vid\u00e9osurveillance montrent \u00ab\u2009un d\u00e9cha\u00eenement de violence inou\u00ef\u2009\u00bb, a estim\u00e9 Me Yones Taguelmint, avocat des militants LFI. On y voit \u00ab\u2009un seul individu actif, mais il y a un groupement qui se forme pour donner <strong>des instructions verbales et physiques<\/strong> pour que les violences continuent\u2009\u00bb, a-t-il analys\u00e9.<\/p>\n<p class=\" wall-content\">\u00ab\u2009\u00c0 aucun moment, <strong>mon client ne porte le moindre coup,<\/strong> \u00e0 aucun moment mon client n\u2019effleure les parties civiles\u2009\u00bb, a pour sa part insist\u00e9 l\u2019avocat de S\u00e9bastien Jibrayel, Me Benjamin Liautaud.<\/p>\n<p class=\" wall-content\">Les faits se sont d\u00e9roul\u00e9s dans la circonscription du d\u00e9put\u00e9 Insoumis de Marseille, S\u00e9bastien Delogu, qui avait d\u00e9nonc\u00e9 dans un communiqu\u00e9 en janvier des violences \u00ab intol\u00e9rables \u00bb.<\/p>\n<p class=\" wall-content\"><strong>Le d\u00e9lib\u00e9r\u00e9 sera rendu le 3 juillet \u00e0 8h30.<\/strong><\/p>\n<p class=\" wall-content\"><strong>Avec AFP<\/strong><\/p>\n<p class=\" wall-content\">Suivez toute l\u2019actualit\u00e9 de vos villes et m\u00e9dias favoris en vous inscrivant \u00e0 <a href=\"https:\/\/moncompte.actu.fr\" title=\"D\u00e9couvez Mon Actu\" rel=\"nofollow noopener\" data-trk=\"{&quot;cta&quot;:{&quot;action&quot;:&quot;https:\\\/\\\/moncompte.actu.fr&quot;,&quot;category&quot;:&quot;mon compte&quot;,&quot;from&quot;:&quot;article footer&quot;,&quot;name&quot;:&quot;Mon actu&quot;,&quot;type&quot;:&quot;cta&quot;}}\" target=\"_blank\">Mon Actu<\/a>.<\/p>\n<ul class=\"ac-article-tag wall-content\">\n<li><a href=\"https:\/\/actu.fr\/tag\/justice\" data-trk=\"{&quot;cta&quot;:{&quot;action&quot;:&quot;Justice&quot;,&quot;category&quot;:&quot;tag&quot;,&quot;from&quot;:&quot;article footer&quot;,&quot;name&quot;:&quot;Justice&quot;,&quot;type&quot;:&quot;cta&quot;}}\" rel=\"nofollow noopener\" target=\"_blank\">#Justice<\/a><\/li>\n<li><a href=\"https:\/\/actu.fr\/tag\/la-france-insoumise-lfi\" data-trk=\"{&quot;cta&quot;:{&quot;action&quot;:&quot;La France Insoumise (LFI)&quot;,&quot;category&quot;:&quot;tag&quot;,&quot;from&quot;:&quot;article footer&quot;,&quot;name&quot;:&quot;La France Insoumise (LFI)&quot;,&quot;type&quot;:&quot;cta&quot;}}\" rel=\"nofollow noopener\" target=\"_blank\">#La France Insoumise (LFI)<\/a><\/li>\n<\/ul>\n","protected":false},"excerpt":{"rendered":"Par R\u00e9daction Marseille Publi\u00e9 le 24 mai 2025 \u00e0 6h12 Une peine de 24\u00a0mois de prison avec sursis&hellip;\n","protected":false},"author":2,"featured_media":125441,"comment_status":"","ping_status":"","sticky":false,"template":"","format":"standard","meta":{"footnotes":""},"categories":[2814],"tags":[1111,11,1777,674,1011,27,303,1023,884,12,882,25,104],"class_list":{"0":"post-125440","1":"post","2":"type-post","3":"status-publish","4":"format-standard","5":"has-post-thumbnail","7":"category-marseille","8":"tag-actu","9":"tag-actualites","10":"tag-eu","11":"tag-europe","12":"tag-fr","13":"tag-france","14":"tag-justice","15":"tag-la-france-insoumise-lfi","16":"tag-marseille","17":"tag-news","18":"tag-provence-alpes-cote-dazur","19":"tag-republique-francaise","20":"tag-societe"},"share_on_mastodon":{"url":"https:\/\/pubeurope.com\/@fr\/114564901351377797","error":""},"_links":{"self":[{"href":"https:\/\/www.europesays.com\/fr\/wp-json\/wp\/v2\/posts\/125440","targetHints":{"allow":["GET"]}}],"collection":[{"href":"https:\/\/www.europesays.com\/fr\/wp-json\/wp\/v2\/posts"}],"about":[{"href":"https:\/\/www.europesays.com\/fr\/wp-json\/wp\/v2\/types\/post"}],"author":[{"embeddable":true,"href":"https:\/\/www.europesays.com\/fr\/wp-json\/wp\/v2\/users\/2"}],"replies":[{"embeddable":true,"href":"https:\/\/www.europesays.com\/fr\/wp-json\/wp\/v2\/comments?post=125440"}],"version-history":[{"count":0,"href":"https:\/\/www.europesays.com\/fr\/wp-json\/wp\/v2\/posts\/125440\/revisions"}],"wp:featuredmedia":[{"embeddable":true,"href":"https:\/\/www.europesays.com\/fr\/wp-json\/wp\/v2\/media\/125441"}],"wp:attachment":[{"href":"https:\/\/www.europesays.com\/fr\/wp-json\/wp\/v2\/media?parent=125440"}],"wp:term":[{"taxonomy":"category","embeddable":true,"href":"https:\/\/www.europesays.com\/fr\/wp-json\/wp\/v2\/categories?post=125440"},{"taxonomy":"post_tag","embeddable":true,"href":"https:\/\/www.europesays.com\/fr\/wp-json\/wp\/v2\/tags?post=125440"}],"curies":[{"name":"wp","href":"https:\/\/api.w.org\/{rel}","templated":true}]}}