{"id":125442,"date":"2025-05-24T21:20:16","date_gmt":"2025-05-24T21:20:16","guid":{"rendered":"https:\/\/www.europesays.com\/fr\/125442\/"},"modified":"2025-05-24T21:20:16","modified_gmt":"2025-05-24T21:20:16","slug":"le-3x3-conquiert-les-quartiers-de-marseille","status":"publish","type":"post","link":"https:\/\/www.europesays.com\/fr\/125442\/","title":{"rendered":"le 3&#215;3 conquiert les quartiers de Marseille"},"content":{"rendered":"<p>\u00c0 deux pas du V\u00e9lodrome, dans un coin du Parc Chanot, une cinquantaine de jeunes a chauss\u00e9 des baskets, enfil\u00e9 un short et d\u00e9ploy\u00e9 leur envie de jouer. Venus de tous les quartiers de la ville, ils ont disput\u00e9 la derni\u00e8re \u00e9tape du <a href=\"https:\/\/www.laprovence.com\/article\/sports\/22487817782275\/basket-le-3x-festival-de-retour-a-marseille-du-23-au-25-mai-au-parc-chanot\" target=\"_blank\" rel=\"noopener\">Massilia 3&#215;3 Tour<\/a>, int\u00e9gr\u00e9e pour la troisi\u00e8me fois au 3XFestival, \u00e9v\u00e9nement phare du World Tour et des Women&rsquo;s Series.<\/p>\n<p>Si la comp\u00e9tition professionnelle reste l&rsquo;axe central du festival, l&rsquo;\u00e9v\u00e9nement cherche \u00e0 aller <a href=\"https:\/\/www.laprovence.com\/article\/sports\/2551441933198714\/basket-3x3-le-n-1-mondial-francais-tristan-seguela-veut-marquer-les-esprits-a-marseille-ce-week-end\" target=\"_blank\" rel=\"noopener\">bien au-del\u00e0 du simple enjeu sportif<\/a>. \u00ab\u00a0Le 3XFestival, ce n&rsquo;est pas seulement les Women&rsquo;s Series ou le World Tour, c&rsquo;est bien plus que \u00e7a\u00a0\u00bb, explique Augustin Boucheron, organisateur. \u00ab\u00a0On veut construire un pont entre amateurs et professionnels, rassembler toute la communaut\u00e9 du 3&#215;3. Sortir du cadre purement comp\u00e9titif, notamment gr\u00e2ce \u00e0 ces tournois ouverts aux jeunes de la ville.\u00a0\u00bb<\/p>\n<p>Sur les terrains annexes, 17 \u00e9quipes U15 et U18, gar\u00e7ons et filles, se sont affront\u00e9es dans des matches dynamiques de huit minutes, sans interruption. L&rsquo;arbitrage ? \u00ab\u00a0Auto-g\u00e9r\u00e9\u00a0\u00bb, sourit Djo, b\u00e9n\u00e9vole. \u00ab\u00a0On est l\u00e0 juste en cas de litige. Le but, c&rsquo;est qu&rsquo;ils apprennent \u00e0 g\u00e9rer eux-m\u00eames leurs rencontres mais surtout qu&rsquo;ils prennent du plaisir.\u00a0\u00bb<\/p>\n<p>Une envie de structuration<\/p>\n<p>Fr\u00e9d\u00e9rique Prud&rsquo;homme, pr\u00e9sidente du comit\u00e9 d\u00e9partemental de basket, souligne l&rsquo;importance d&rsquo;un \u00e9v\u00e9nement comme celui-ci, qui s&rsquo;inscrit dans la continuit\u00e9 des actions men\u00e9es toute l&rsquo;ann\u00e9e : \u00ab\u00a0Le tournoi Massilia a commenc\u00e9 timidement il y a trois ans. Aujourd&rsquo;hui, il prend de l&rsquo;ampleur et pouvoir faire partie d&rsquo;un \u00e9v\u00e9nement pro une fois par an, c&rsquo;est vraiment g\u00e9nial pour les gamins. On essaye d&rsquo;animer les quartiers de ces jeunes en investissant les terrains r\u00e9nov\u00e9s par la Ville et en proposant une pratique libre, sans inscription, accessible \u00e0 tous les jeunes, qu&rsquo;ils soient licenci\u00e9s ou non. Il y a une vraie libert\u00e9, un encadrement minimal, mais suffisant. Ils s&rsquo;amusent, progressent, et surtout, ils s&rsquo;approprient ces moments.\u00a0\u00bb<\/p>\n<p>Mais elle voit d\u00e9j\u00e0 plus loin\u00a0: \u00ab\u00a0Ce qu&rsquo;on aimerait, c&rsquo;est structurer un peu plus ce projet. Cr\u00e9er de vrais rendez-vous urbains, avec de la musique, de la danse, des battles de hip-hop. Faire de ces tournois des apr\u00e8s-midi de vie, pas seulement de sport. Il nous faut du temps, des partenaires, des espaces adapt\u00e9s&#8230; mais l&rsquo;ambition est l\u00e0.\u00a0\u00bb<\/p>\n<p>Les premiers effets sont d\u00e9j\u00e0 visibles. \u00ab\u00a0Les jeunes reviennent d&rsquo;un tournoi \u00e0 l&rsquo;autre. Ils nouent des liens, prennent confiance. M\u00eame lorsqu&rsquo;on sort de leur quartier, ils sont l\u00e0. C&rsquo;est la preuve qu&rsquo;on r\u00e9pond \u00e0 un vrai besoin.\u00a0\u00bb Ici, pas de s\u00e9lection, pas d&rsquo;obligation\u00a0: \u00ab\u00a0Ils viennent quand ils veulent, avec qui ils veulent. Ce qu&rsquo;on veut, c&rsquo;est qu&rsquo;ils prennent du plaisir. Qu&rsquo;ils repartent avec le sourire et qu&rsquo;ils aient envie de revenir. On n&rsquo;a jamais de souci de comportement.\u00a0\u00bb<\/p>\n<p>Un final inoubliable<\/p>\n<p>Point d&rsquo;orgue de la journ\u00e9e\u00a0: la finale sur le terrain central. Celui habituellement r\u00e9serv\u00e9 aux professionnels. Pour une fois, les projecteurs \u00e9taient braqu\u00e9s sur eux. \u00ab\u00a0C&rsquo;\u00e9tait incroyable. La sono, le speaker, les tribunes pleines&#8230; On se serait crus en NBA\u00a0!\u00a0\u00bb, s&rsquo;enthousiasme un jeune Marseillais. \u00ab\u00a0M\u00eame si on n&rsquo;a pas gagn\u00e9, je m&rsquo;en souviendrai toute ma vie. Jouer sur ce terrain, c&rsquo;\u00e9tait un r\u00eave.\u00a0\u00bb<\/p>\n","protected":false},"excerpt":{"rendered":"\u00c0 deux pas du V\u00e9lodrome, dans un coin du Parc Chanot, une cinquantaine de jeunes a chauss\u00e9 des&hellip;\n","protected":false},"author":2,"featured_media":125443,"comment_status":"","ping_status":"","sticky":false,"template":"","format":"standard","meta":{"footnotes":""},"categories":[2814],"tags":[17,24853,1111,11,1465,24854,1777,674,1011,27,151,884,12,882,5116,25,60],"class_list":{"0":"post-125442","1":"post","2":"type-post","3":"status-publish","4":"format-standard","5":"has-post-thumbnail","7":"category-marseille","8":"tag-17","9":"tag-3x3","10":"tag-actu","11":"tag-actualites","12":"tag-basket","13":"tag-conquiert","14":"tag-eu","15":"tag-europe","16":"tag-fr","17":"tag-france","18":"tag-les","19":"tag-marseille","20":"tag-news","21":"tag-provence-alpes-cote-dazur","22":"tag-quartiers","23":"tag-republique-francaise","24":"tag-sports"},"share_on_mastodon":{"url":"https:\/\/pubeurope.com\/@fr\/114564905224598412","error":""},"_links":{"self":[{"href":"https:\/\/www.europesays.com\/fr\/wp-json\/wp\/v2\/posts\/125442","targetHints":{"allow":["GET"]}}],"collection":[{"href":"https:\/\/www.europesays.com\/fr\/wp-json\/wp\/v2\/posts"}],"about":[{"href":"https:\/\/www.europesays.com\/fr\/wp-json\/wp\/v2\/types\/post"}],"author":[{"embeddable":true,"href":"https:\/\/www.europesays.com\/fr\/wp-json\/wp\/v2\/users\/2"}],"replies":[{"embeddable":true,"href":"https:\/\/www.europesays.com\/fr\/wp-json\/wp\/v2\/comments?post=125442"}],"version-history":[{"count":0,"href":"https:\/\/www.europesays.com\/fr\/wp-json\/wp\/v2\/posts\/125442\/revisions"}],"wp:featuredmedia":[{"embeddable":true,"href":"https:\/\/www.europesays.com\/fr\/wp-json\/wp\/v2\/media\/125443"}],"wp:attachment":[{"href":"https:\/\/www.europesays.com\/fr\/wp-json\/wp\/v2\/media?parent=125442"}],"wp:term":[{"taxonomy":"category","embeddable":true,"href":"https:\/\/www.europesays.com\/fr\/wp-json\/wp\/v2\/categories?post=125442"},{"taxonomy":"post_tag","embeddable":true,"href":"https:\/\/www.europesays.com\/fr\/wp-json\/wp\/v2\/tags?post=125442"}],"curies":[{"name":"wp","href":"https:\/\/api.w.org\/{rel}","templated":true}]}}