{"id":125446,"date":"2025-05-24T21:22:09","date_gmt":"2025-05-24T21:22:09","guid":{"rendered":"https:\/\/www.europesays.com\/fr\/125446\/"},"modified":"2025-05-24T21:22:09","modified_gmt":"2025-05-24T21:22:09","slug":"lyon-des-jeunes-sement-le-trouble-en-presquile-quatre-interpellations-2","status":"publish","type":"post","link":"https:\/\/www.europesays.com\/fr\/125446\/","title":{"rendered":"Lyon. Des jeunes s\u00e8ment le trouble en Presqu\u2019\u00eele\u00a0: quatre interpellations"},"content":{"rendered":"<p>Ce samedi en fin d\u2019apr\u00e8s-midi, plusieurs dizaines de jeunes, ont sem\u00e9 la pagaille dans l\u2019hypercentre de Lyon. Alors que la marche pour Gaza venait d\u2019arriver dans le calme place Bellecour, nous avons pu constater que des p\u00e9tards ont \u00e9t\u00e9 lanc\u00e9s par des adolescents qui se trouvaient aux abords du MacDo, du c\u00f4t\u00e9 rue de la R\u00e9publique. Ils semblaient avoir pour objectif de provoquer les forces de l\u2019ordre, qui encadraient la manifestation.<\/p>\n<p>Un p\u00e9tard qui a explos\u00e9 dans une rue de la R\u00e9publique bond\u00e9e a ainsi bri\u00e8vement provoqu\u00e9 un mouvement de foule. \u00c0 l\u2019approche des policiers, qui se sont d\u00e9ploy\u00e9s au niveau de la rue de la R\u00e9publique, les jeunes ont rapidement pris la fuite, notamment en direction de la place des Jacobins. \u00ab\u00a0On tient des stands pour les enfants, on est oblig\u00e9 de tout plier \u00e0 cause du bordel que vous faites, vous trouvez cela normal\u00a0?\u00a0\u00bb les a interrog\u00e9s Pierre Oliver, le maire (LR) du 2e, qui \u00e9tait avec des parents d\u2019\u00e9l\u00e8ves de l\u2019\u00e9cole Lamartine. Une sc\u00e8ne que celui qui est aussi candidat aux municipales 2026 a partag\u00e9e sur ses r\u00e9seaux sociaux en pr\u00e9cisant que son \u00e9quipe m\u00e8nera une \u00ab\u00a0politique de s\u00e9curit\u00e9 puissante\u00a0\u00bb (sic).<\/p>\n<p>Interrog\u00e9e par  Le Progr\u00e8s, la pr\u00e9fecture a confirm\u00e9 \u00ab\u00a0une concentration de jeunes en Presqu\u2019\u00eele\u00a0\u00bb qui ont \u00ab\u00a0engendr\u00e9 des troubles\u00a0\u00bb. La police a proc\u00e9d\u00e9 \u00e0 quatre interpellations.<\/p>\n","protected":false},"excerpt":{"rendered":"Ce samedi en fin d\u2019apr\u00e8s-midi, plusieurs dizaines de jeunes, ont sem\u00e9 la pagaille dans l\u2019hypercentre de Lyon. Alors&hellip;\n","protected":false},"author":2,"featured_media":125445,"comment_status":"","ping_status":"","sticky":false,"template":"","format":"standard","meta":{"footnotes":""},"categories":[1889],"tags":[1111,11,2430,271,272,2757,1777,674,274,107,1011,27,2428,2756,12,25,2429],"class_list":{"0":"post-125446","1":"post","2":"type-post","3":"status-publish","4":"format-standard","5":"has-post-thumbnail","7":"category-lyon","8":"tag-actu","9":"tag-actualites","10":"tag-auvergne-rhone-alpes","11":"tag-crime","12":"tag-delit-et-contravention","13":"tag-edition-lyon-villeurbanne","14":"tag-eu","15":"tag-europe","16":"tag-faits-divers-justice","17":"tag-fil-info","18":"tag-fr","19":"tag-france","20":"tag-lyon","21":"tag-lyon-bassin","22":"tag-news","23":"tag-republique-francaise","24":"tag-rhone"},"share_on_mastodon":{"url":"https:\/\/pubeurope.com\/@fr\/114564913196437800","error":""},"_links":{"self":[{"href":"https:\/\/www.europesays.com\/fr\/wp-json\/wp\/v2\/posts\/125446","targetHints":{"allow":["GET"]}}],"collection":[{"href":"https:\/\/www.europesays.com\/fr\/wp-json\/wp\/v2\/posts"}],"about":[{"href":"https:\/\/www.europesays.com\/fr\/wp-json\/wp\/v2\/types\/post"}],"author":[{"embeddable":true,"href":"https:\/\/www.europesays.com\/fr\/wp-json\/wp\/v2\/users\/2"}],"replies":[{"embeddable":true,"href":"https:\/\/www.europesays.com\/fr\/wp-json\/wp\/v2\/comments?post=125446"}],"version-history":[{"count":0,"href":"https:\/\/www.europesays.com\/fr\/wp-json\/wp\/v2\/posts\/125446\/revisions"}],"wp:featuredmedia":[{"embeddable":true,"href":"https:\/\/www.europesays.com\/fr\/wp-json\/wp\/v2\/media\/125445"}],"wp:attachment":[{"href":"https:\/\/www.europesays.com\/fr\/wp-json\/wp\/v2\/media?parent=125446"}],"wp:term":[{"taxonomy":"category","embeddable":true,"href":"https:\/\/www.europesays.com\/fr\/wp-json\/wp\/v2\/categories?post=125446"},{"taxonomy":"post_tag","embeddable":true,"href":"https:\/\/www.europesays.com\/fr\/wp-json\/wp\/v2\/tags?post=125446"}],"curies":[{"name":"wp","href":"https:\/\/api.w.org\/{rel}","templated":true}]}}