{"id":125469,"date":"2025-05-24T21:35:14","date_gmt":"2025-05-24T21:35:14","guid":{"rendered":"https:\/\/www.europesays.com\/fr\/125469\/"},"modified":"2025-05-24T21:35:14","modified_gmt":"2025-05-24T21:35:14","slug":"la-semaine-du-figarovox-la-bureaucratie-europeenne-face-au-bureau-ovale","status":"publish","type":"post","link":"https:\/\/www.europesays.com\/fr\/125469\/","title":{"rendered":"La semaine du FigaroVox &#8211; \u00abLa bureaucratie europ\u00e9enne face au Bureau ovale\u00bb"},"content":{"rendered":"<p>            <a href=\"https:\/\/www.lefigaro.fr\/vox\/politique\/aurelie-jean-sur-le-numerique-l-audiovisuel-public-est-au-niveau-20250522\" class=\"fig-ranking-profile-link\" aria-label=\"Aur\u00e9lie Jean\u00a0: \u00abSur le num\u00e9rique, l\u2019audiovisuel public est au niveau\u00bb (article Premium)\" title=\"Aur\u00e9lie Jean\u00a0: \u00abSur le num\u00e9rique, l\u2019audiovisuel public est au niveau\u00bb (article Premium)\" data-fig-domain=\"LEFIGARO\" rel=\"nofollow noopener\" target=\"_blank\"><\/p>\n<p>        Aur\u00e9lie Jean\u00a0: \u00abSur le num\u00e9rique, l\u2019audiovisuel public est au niveau\u00bb<\/p>\n<p>                                                                        <\/a><\/p>\n<p>        <img   class=\"fig-img fig-ranking-profile-media-small-picture__photo\" alt=\"Aur\u00e9lie Jean\u00a0: \u00abSur le num\u00e9rique, l\u2019audiovisuel public est au niveau\u00bb\" height=\"1600\" width=\"2844\"\/><\/p>\n<p class=\"fig-ranking-profile-standfirst\">\n    <strong>FIGAROVOX\/CHRONIQUE &#8211; <\/strong>Le 7 mai, \u00e0 quelques jours de l\u2019arriv\u00e9e de la r\u00e9forme de l\u2019audiovisuel public \u00e0 l\u2019Assembl\u00e9e, Rachida Dati a d\u00e9clar\u00e9 sur France Inter que l\u2019audiovisuel public n\u2019\u00e9tait \u00abpas au niveau\u00bb sur le num\u00e9rique. \u00c0 tort, estime Aur\u00e9lie Jean.\n<\/p>\n<p>            <a href=\"https:\/\/www.lefigaro.fr\/vox\/medias\/les-electrons-libres-ce-media-techno-optimiste-qui-utilise-l-ia-et-qui-l-assume-20250523\" class=\"fig-ranking-profile-link\" data-fig-domain=\"LEFIGARO\" rel=\"nofollow noopener\" target=\"_blank\"><\/p>\n<p>        Les \u00c9lectrons libres, ce m\u00e9dia \u00abtechno-optimiste\u00bb qui utilise l\u2019IA et qui l\u2019assume<\/p>\n<p>                                                                        <\/a><\/p>\n<p>        <img   class=\"fig-img fig-ranking-profile-media-small-picture__photo\" alt=\"Les \u00c9lectrons libres, ce m\u00e9dia \u00abtechno-optimiste\u00bb qui utilise l\u2019IA et qui l\u2019assume\" height=\"1554\" width=\"2763\"\/><\/p>\n<p class=\"fig-ranking-profile-standfirst\">\n    <strong>FIGAROVOX\/ENTRETIEN &#8211;<\/strong> Le journaliste Benjamin Sire lance Les \u00c9lectrons libres, un m\u00e9dia en ligne qui se veut \u00ablib\u00e9ral\u00bb et pro technologie dont les illustrations des articles sont g\u00e9n\u00e9r\u00e9es par l\u2019intelligence artificielle. Il explique son projet.<\/p>\n","protected":false},"excerpt":{"rendered":"Aur\u00e9lie Jean\u00a0: \u00abSur le num\u00e9rique, l\u2019audiovisuel public est au niveau\u00bb FIGAROVOX\/CHRONIQUE &#8211; Le 7 mai, \u00e0 quelques jours&hellip;\n","protected":false},"author":2,"featured_media":125470,"comment_status":"","ping_status":"","sticky":false,"template":"","format":"standard","meta":{"footnotes":""},"categories":[1586],"tags":[11,1428,1292,12195,1777,674,1779,1429,1011,27,500,12,1427,1426,25,1778,364],"class_list":{"0":"post-125469","1":"post","2":"type-post","3":"status-publish","4":"format-standard","5":"has-post-thumbnail","7":"category-europe","8":"tag-actualites","9":"tag-chroniqueurs","10":"tag-debat","11":"tag-debats-medias","12":"tag-eu","13":"tag-europe","14":"tag-european-union","15":"tag-figarovox","16":"tag-fr","17":"tag-france","18":"tag-medias","19":"tag-news","20":"tag-opinions","21":"tag-questions","22":"tag-republique-francaise","23":"tag-ue","24":"tag-union-europeenne"},"share_on_mastodon":{"url":"https:\/\/pubeurope.com\/@fr\/114564964287808845","error":""},"_links":{"self":[{"href":"https:\/\/www.europesays.com\/fr\/wp-json\/wp\/v2\/posts\/125469","targetHints":{"allow":["GET"]}}],"collection":[{"href":"https:\/\/www.europesays.com\/fr\/wp-json\/wp\/v2\/posts"}],"about":[{"href":"https:\/\/www.europesays.com\/fr\/wp-json\/wp\/v2\/types\/post"}],"author":[{"embeddable":true,"href":"https:\/\/www.europesays.com\/fr\/wp-json\/wp\/v2\/users\/2"}],"replies":[{"embeddable":true,"href":"https:\/\/www.europesays.com\/fr\/wp-json\/wp\/v2\/comments?post=125469"}],"version-history":[{"count":0,"href":"https:\/\/www.europesays.com\/fr\/wp-json\/wp\/v2\/posts\/125469\/revisions"}],"wp:featuredmedia":[{"embeddable":true,"href":"https:\/\/www.europesays.com\/fr\/wp-json\/wp\/v2\/media\/125470"}],"wp:attachment":[{"href":"https:\/\/www.europesays.com\/fr\/wp-json\/wp\/v2\/media?parent=125469"}],"wp:term":[{"taxonomy":"category","embeddable":true,"href":"https:\/\/www.europesays.com\/fr\/wp-json\/wp\/v2\/categories?post=125469"},{"taxonomy":"post_tag","embeddable":true,"href":"https:\/\/www.europesays.com\/fr\/wp-json\/wp\/v2\/tags?post=125469"}],"curies":[{"name":"wp","href":"https:\/\/api.w.org\/{rel}","templated":true}]}}