{"id":125475,"date":"2025-05-24T21:38:13","date_gmt":"2025-05-24T21:38:13","guid":{"rendered":"https:\/\/www.europesays.com\/fr\/125475\/"},"modified":"2025-05-24T21:38:13","modified_gmt":"2025-05-24T21:38:13","slug":"le-psg-simpose-en-finale-apres-une-demonstration-face-a-reims","status":"publish","type":"post","link":"https:\/\/www.europesays.com\/fr\/125475\/","title":{"rendered":"le PSG s&rsquo;impose en finale apr\u00e8s une d\u00e9monstration face \u00e0 Reims"},"content":{"rendered":"<p class=\"article-p mdl\">Une impression de facilit\u00e9 et un nouveau troph\u00e9e dans le palmar\u00e8s. Le Paris Saint-Germain a remport\u00e9 la seizi\u00e8me Coupe de France de son histoire apr\u00e8s sa victoire facile (3-0) face au Stade de Reims, ce samedi 24 mai au Stade de France.<\/p>\n<p class=\"article-p mdl\">Pour obtenir son cinqui\u00e8me doubl\u00e9 Coupe-Championnat de son histoire, le deuxi\u00e8me cons\u00e9cutif, <strong>le PSG <\/strong>a d\u00e9roul\u00e9 en premi\u00e8re p\u00e9riode. Si les R\u00e9mois ont \u00ab\u00a0mis le bus\u00a0\u00bb et \u00e9t\u00e9 fortement pr\u00e9sents en d\u00e9fense dans les 15 premi\u00e8res minutes, le PSG a rapidement trouv\u00e9 la faille gr\u00e2ce \u00e0 un duo magique, ce samedi soir :<strong>\u00a0<a class=\"link\" href=\"https:\/\/www.rtl.fr\/sport\/football\/psg-ol-avec-un-excellent-desire-doue-le-paris-saint-germain-bat-l-olympique-lyonnais-7900451389\" title=\"PSG-OL : avec un excellent D\u00e9sir\u00e9 Dou\u00e9, le Paris Saint-Germain bat l&#039;Olympique lyonnais\" rel=\"nofollow noopener\" target=\"_blank\">D\u00e9sir\u00e9 Dou\u00e9<\/a><\/strong>\u00a0comme passeur et\u00a0<strong><a class=\"link\" href=\"https:\/\/www.rtl.fr\/sport\/football\/diaporama-ligue-1-aubameyang-dembele-barcola-les-joueurs-a-suivre-cette-saison-7900287167\" title=\"DIAPORAMA - Ligue 1 : Aubameyang, Demb\u00e9l\u00e9, Barcola... Les joueurs \u00e0 suivre cette saison\" rel=\"nofollow noopener\" target=\"_blank\">Bradley Barcola<\/a>\u00a0<\/strong>en buteur. Barcola lanc\u00e9 en profondeur ajuste le gardien de Reims, Diouf. Au bout de 16 minutes, le PSG m\u00e8ne 1-0.<\/p>\n<p class=\"article-p mdl\">Cette avance sera rapidement doubl\u00e9e. Deux minutes plus tard, <strong>Marquinhos <\/strong>sert Dou\u00e9 qui transmet \u00e0 Barcola. Le but est vide : les Parisiens prennent deux buts d&rsquo;avance au bout de 19 minutes. Reims coule et continue de plonger : juste avant la pause, \u00e0 la 43\u00e8me minute, Hakimi surgit au deuxi\u00e8me poteau sur un centre de Barcola. Le ballon passe entre les jambes de Diouf. 3 \u00e0 0 : le score ne bougera plus.<\/p>\n<p class=\"article-p mdl\">Une belle victoire parisienne \u00e0 une semaine d&rsquo;une finale encore plus importante, celle de la Ligue des champions, le samedi 31 mai, face \u00e0 l&rsquo;Inter Milan (un match diffus\u00e9 sur RTL et M6). Une victoire qui permet au PSG de r\u00eaver encore d&rsquo;<strong>un tripl\u00e9 Coupe de France &#8211; Ligue 1 &#8211; Ligue des champions<\/strong>, qui serait in\u00e9dit dans l&rsquo;histoire du football fran\u00e7ais.<\/p>\n<p>    La r\u00e9daction vous recommande<\/p>\n<p class=\"s-newsletter__title\">\n                L\u2019actualit\u00e9 par la r\u00e9daction de RTL dans votre bo\u00eete mail.\n            <\/p>\n<p class=\"s-newsletter__subtitle\">\n                Gr\u00e2ce \u00e0 votre compte RTL abonnez-vous \u00e0 la newsletter RTL info pour suivre toute l&rsquo;actualit\u00e9 au quotidien\n            <\/p>\n<p>\n                                    Lire la suite\n                                <\/p>\n","protected":false},"excerpt":{"rendered":"Une impression de facilit\u00e9 et un nouveau troph\u00e9e dans le palmar\u00e8s. Le Paris Saint-Germain a remport\u00e9 la seizi\u00e8me&hellip;\n","protected":false},"author":2,"featured_media":125476,"comment_status":"","ping_status":"","sticky":false,"template":"","format":"standard","meta":{"footnotes":""},"categories":[4],"tags":[11,83,107,2619,63,1011,27,12,626,91,4243,25],"class_list":{"0":"post-125475","1":"post","2":"type-post","3":"status-publish","4":"format-standard","5":"has-post-thumbnail","7":"category-france","8":"tag-actualites","9":"tag-coupe-de-france","10":"tag-fil-info","11":"tag-fil-sport","12":"tag-football","13":"tag-fr","14":"tag-france","15":"tag-news","16":"tag-paris","17":"tag-paris-saint-germain","18":"tag-reims","19":"tag-republique-francaise"},"share_on_mastodon":{"url":"https:\/\/pubeurope.com\/@fr\/114564976201927465","error":""},"_links":{"self":[{"href":"https:\/\/www.europesays.com\/fr\/wp-json\/wp\/v2\/posts\/125475","targetHints":{"allow":["GET"]}}],"collection":[{"href":"https:\/\/www.europesays.com\/fr\/wp-json\/wp\/v2\/posts"}],"about":[{"href":"https:\/\/www.europesays.com\/fr\/wp-json\/wp\/v2\/types\/post"}],"author":[{"embeddable":true,"href":"https:\/\/www.europesays.com\/fr\/wp-json\/wp\/v2\/users\/2"}],"replies":[{"embeddable":true,"href":"https:\/\/www.europesays.com\/fr\/wp-json\/wp\/v2\/comments?post=125475"}],"version-history":[{"count":0,"href":"https:\/\/www.europesays.com\/fr\/wp-json\/wp\/v2\/posts\/125475\/revisions"}],"wp:featuredmedia":[{"embeddable":true,"href":"https:\/\/www.europesays.com\/fr\/wp-json\/wp\/v2\/media\/125476"}],"wp:attachment":[{"href":"https:\/\/www.europesays.com\/fr\/wp-json\/wp\/v2\/media?parent=125475"}],"wp:term":[{"taxonomy":"category","embeddable":true,"href":"https:\/\/www.europesays.com\/fr\/wp-json\/wp\/v2\/categories?post=125475"},{"taxonomy":"post_tag","embeddable":true,"href":"https:\/\/www.europesays.com\/fr\/wp-json\/wp\/v2\/tags?post=125475"}],"curies":[{"name":"wp","href":"https:\/\/api.w.org\/{rel}","templated":true}]}}