{"id":125485,"date":"2025-05-24T21:45:13","date_gmt":"2025-05-24T21:45:13","guid":{"rendered":"https:\/\/www.europesays.com\/fr\/125485\/"},"modified":"2025-05-24T21:45:13","modified_gmt":"2025-05-24T21:45:13","slug":"adrian-newey-a-deja-repere-une-faiblesse-sur-un-outil-important-chez-aston-martin","status":"publish","type":"post","link":"https:\/\/www.europesays.com\/fr\/125485\/","title":{"rendered":"Adrian Newey a d\u00e9j\u00e0 rep\u00e9r\u00e9 une faiblesse sur un outil important chez Aston Martin"},"content":{"rendered":"<p>Adrian Newey qui fait ce week-end sa premi\u00e8re apparition en Grand Prix en tant que membre de l\u2019\u00e9curie Aston Martin s\u2019est exprim\u00e9 concernant sa nouvelle \u00e9curie avouant qu\u2019elle \u00ab\u00a0sous-performe\u00a0\u00bb cette ann\u00e9e.<\/p>\n<p>Quelques semaines apr\u00e8s avoir int\u00e9gr\u00e9 Aston Martin en tant que responsable technique, Newey a pu faire le point sur ses premi\u00e8res observations au sein de l\u2019\u00e9quipe. Le Britannique a ainsi d\u00e9j\u00e0 trouv\u00e9 des points d\u2019am\u00e9lioration et plus particuli\u00e8rement au niveau du simulateur qu\u2019il juge comme \u00e9tant \u00ab\u00a0faible\u00a0\u00bb.<\/p>\n<p>\u00ab Ma premi\u00e8re t\u00e2che a consist\u00e9, tout en concevant et en discutant avec tout le monde, \u00e0 essayer de comprendre comment l\u2019\u00e9quipe fonctionne, ses forces et ses faiblesses, \u00e0 travailler avec ses forces et \u00e0 \u00e9tablir un plan pour essayer de renforcer ses faiblesses\u00a0\u00bb, a indiqu\u00e9 Adrian Newey \u00e0 Monaco. \u00ab\u00a0Il y a beaucoup de tr\u00e8s, tr\u00e8s bonnes personnes. Nous devons simplement essayer de les faire travailler ensemble de mani\u00e8re un peu mieux organis\u00e9e.\u00a0\u00bb<\/p>\n<p>\u00ab\u00a0C\u2019est tout simplement le r\u00e9sultat des racines de l\u2019\u00e9quipe Jordan, qui est devenue Force India, puis Racing Point. Cela a toujours \u00e9t\u00e9 une petite \u00e9quipe l\u00e9g\u00e8rement surperformante, qui est devenue en tr\u00e8s peu de temps une tr\u00e8s grande \u00e9quipe qui, en v\u00e9rit\u00e9, a sous-perform\u00e9 cette ann\u00e9e. Je pense qu\u2019il s\u2019agit maintenant en grande partie de permettre \u00e0 tout le monde de s\u2019installer et d\u2019apprendre \u00e0 tirer le meilleur de chacun.\u00a0\u00bb<\/p>\n<p>\u00ab Je pense qu\u2019il est juste de dire que certains de nos outils sont faibles, en particulier le simulateur avec pilote\u00a0\u00bb, a ajout\u00e9 Newey. \u00ab\u00a0Il n\u00e9cessite beaucoup de travail car il n\u2019est actuellement pas du tout corr\u00e9l\u00e9, alors qu\u2019il s\u2019agit d\u2019un outil de recherche fondamental. Ne pas disposer de cet outil est une limitation, mais nous devons \u00e9videmment contourner le probl\u00e8me en attendant. Il s\u2019agit probablement d\u2019un projet de deux ans, en r\u00e9alit\u00e9. Nous allons \u00eatre un peu dans le flou pendant un certain temps. Nous devons simplement essayer de nous appuyer sur notre exp\u00e9rience et notre bon jugement. \u00bb<\/p>\n","protected":false},"excerpt":{"rendered":"Adrian Newey qui fait ce week-end sa premi\u00e8re apparition en Grand Prix en tant que membre de l\u2019\u00e9curie&hellip;\n","protected":false},"author":2,"featured_media":125486,"comment_status":"","ping_status":"","sticky":false,"template":"","format":"standard","meta":{"footnotes":""},"categories":[1412],"tags":[5080,5081,17443,1709,1451,5083,5084,5085,5086,5087,1452,1453,1454,1455,1011,27,5089,5090,60,5091,3030],"class_list":{"0":"post-125485","1":"post","2":"type-post","3":"status-publish","4":"format-standard","5":"has-post-thumbnail","7":"category-f1","8":"tag-actualites-f1","9":"tag-actuf1","10":"tag-adrian-newey","11":"tag-aston-martin","12":"tag-f1","13":"tag-f1-actu","14":"tag-f1-direct","15":"tag-f1-live","16":"tag-f1-news","17":"tag-f1news","18":"tag-formula-1","19":"tag-formula1","20":"tag-formule-1","21":"tag-formule1","22":"tag-fr","23":"tag-france","24":"tag-news-f1","25":"tag-newsf1","26":"tag-sports","27":"tag-tip","28":"tag-top"},"share_on_mastodon":{"url":"https:\/\/pubeurope.com\/@fr\/114565003554706595","error":""},"_links":{"self":[{"href":"https:\/\/www.europesays.com\/fr\/wp-json\/wp\/v2\/posts\/125485","targetHints":{"allow":["GET"]}}],"collection":[{"href":"https:\/\/www.europesays.com\/fr\/wp-json\/wp\/v2\/posts"}],"about":[{"href":"https:\/\/www.europesays.com\/fr\/wp-json\/wp\/v2\/types\/post"}],"author":[{"embeddable":true,"href":"https:\/\/www.europesays.com\/fr\/wp-json\/wp\/v2\/users\/2"}],"replies":[{"embeddable":true,"href":"https:\/\/www.europesays.com\/fr\/wp-json\/wp\/v2\/comments?post=125485"}],"version-history":[{"count":0,"href":"https:\/\/www.europesays.com\/fr\/wp-json\/wp\/v2\/posts\/125485\/revisions"}],"wp:featuredmedia":[{"embeddable":true,"href":"https:\/\/www.europesays.com\/fr\/wp-json\/wp\/v2\/media\/125486"}],"wp:attachment":[{"href":"https:\/\/www.europesays.com\/fr\/wp-json\/wp\/v2\/media?parent=125485"}],"wp:term":[{"taxonomy":"category","embeddable":true,"href":"https:\/\/www.europesays.com\/fr\/wp-json\/wp\/v2\/categories?post=125485"},{"taxonomy":"post_tag","embeddable":true,"href":"https:\/\/www.europesays.com\/fr\/wp-json\/wp\/v2\/tags?post=125485"}],"curies":[{"name":"wp","href":"https:\/\/api.w.org\/{rel}","templated":true}]}}