{"id":12549,"date":"2025-04-09T11:58:08","date_gmt":"2025-04-09T11:58:08","guid":{"rendered":"https:\/\/www.europesays.com\/fr\/12549\/"},"modified":"2025-04-09T11:58:08","modified_gmt":"2025-04-09T11:58:08","slug":"lio-apparait-pour-la-premiere-fois-a-la-television-depuis-la-mort-de-son-fils-diego","status":"publish","type":"post","link":"https:\/\/www.europesays.com\/fr\/12549\/","title":{"rendered":"Lio appara\u00eet pour la premi\u00e8re fois \u00e0 la t\u00e9l\u00e9vision depuis la mort de son fils Diego"},"content":{"rendered":"<p>    Lio appara\u00eet pour la premi\u00e8re fois \u00e0 la t\u00e9l\u00e9vision depuis la mort de son fils Diego<br \/>\n                Capture \u00e9cran<\/p>\n<p>Au d\u00e9but du mois de mars, le corps du plus jeune enfant de la chanteuse a \u00e9t\u00e9 retrouv\u00e9 dans de terribles circonstances.<\/p>\n<p class=\"fig-paragraph\">Une parole engag\u00e9e ce mardi 8 avril dans \u00abC \u00e0 vous\u00bb, \u00e0 bien des \u00e9gards. La chanteuse est venue dans un premier temps commenter le documentaire\u00a0<a href=\"http:\/\/www.lefigaro.fr\/musique\/de-rock-star-a-tueur-le-temoignage-des-proches-de-marie-trintignant-dans-un-documentaire-sur-bertrand-cantat-20250321\" target=\"_blank\" data-fig-type=\"Article\" rel=\"noopener\" data-gtm-custom-categorie=\"navigation\" data-gtm-custom-action=\"crossclick\" data-gtm-custom-label=\"Contextuel\" data-gtm-event=\"customEventSPE\" data-fig-domain=\"LEFIGARO\">De rock star \u00e0 tueur\u00a0: le cas Cantat<\/a>, disponible sur Netflix, qui revient sur le traitement m\u00e9diatique au d\u00e9but des ann\u00e9es 2000 du meurtre de Marie Trintignant par le leader du groupe de rock Noir D\u00e9sir.<\/p>\n<p class=\"fig-paragraph\">\u00abJe n\u2019ai pas dit trop haut et ni trop fort, j\u2019ai dit ce qu\u2019il s\u2019\u00e9tait pass\u00e9. Bertrand Cantat est un homme violent qui tape les femmes et qui n\u2019h\u00e9site pas \u00e0 les tuer, qui a \u00e0 son compteur deux femmes, une qu\u2019il a massacr\u00e9 \u00e0 mains nues et l\u2019autre qu\u2019il a pouss\u00e9 au suicide. Et aujourd\u2019hui je peux le dire parce que c\u2019est quelque chose qui est reconnu. On ne peut pas me traiter de diffamatrice\u00bb,\u00a0<a href=\"http:\/\/tvmag.lefigaro.fr\/programme-tv\/actu-tele\/c-etait-une-execution-lio-continue-de-defendre-la-memoire-de-marie-trintignant-dans-c-a-vous-20250408\" target=\"_blank\" data-fig-type=\"Article\" rel=\"noopener\" data-gtm-custom-categorie=\"navigation\" data-gtm-custom-action=\"crossclick\" data-gtm-custom-label=\"Contextuel\" data-gtm-event=\"customEventSPE\" data-fig-domain=\"TVMAG\">t\u00e9moigne ce soi<\/a>r la chanteuse malgr\u00e9 \u00abl\u2019\u00e9preuve que vous traversez\u00bb, comme le contextualise Anne-Elisabeth Lemoine.<\/p>\n<p>\u00abN\u00e9cessit\u00e9 fait loi\u00bb<\/p>\n<p class=\"fig-paragraph\">Le 2 mars dernier, le corps de son plus jeune fils, Diego, \u00e2g\u00e9 de 21 ans,\u00a0<a href=\"http:\/\/www.lefigaro.fr\/faits-divers\/seine-saint-denis-le-fils-de-la-chanteuse-lio-retrouve-mort-immole-par-le-feu-20250305\" target=\"_blank\" data-fig-type=\"NewsFlash\" rel=\"noopener\" data-gtm-custom-categorie=\"navigation\" data-gtm-custom-action=\"crossclick\" data-gtm-custom-label=\"Contextuel\" data-gtm-event=\"customEventSPE\" data-fig-domain=\"LEFIGARO\">a \u00e9t\u00e9 retrouv\u00e9 en pleine rue<\/a>, \u00e0 Tremblay-en-France, pr\u00e8s de l\u2019a\u00e9roport de Roissy. Quelques jours apr\u00e8s, Lio \u00e9tait remont\u00e9e sur la sc\u00e8ne de la Cit\u00e9 des Congr\u00e8s d\u2019Anzin \u00e0 Valenciennes pour le spectacle Les Ann\u00e9es 80\u00a0: la tourn\u00e9e.<\/p>\n<p class=\"fig-paragraph\">\u00abJ\u2019ai re\u00e7u beaucoup de t\u00e9moignages qui me disaient que je ne devais pas assez aimer mon fils pour pouvoir monter sur sc\u00e8ne\u00bb, rapporte Lio sur le plateau de France 5. Elle profite des derni\u00e8res minutes de son interview pour adresser une r\u00e9ponse \u00e0 ses d\u00e9tracteurs\u00a0: \u00abje dis simplement que n\u00e9cessit\u00e9 fait loi.\u00bb<\/p>\n<p class=\"fig-paragraph\">\u00abJe dois travailler. J\u2019ai encore d\u2019autres enfants, j\u2019ai des petits enfants. N\u00e9cessit\u00e9 fait loi\u00bb, r\u00e9p\u00e8te la chanteuse qui s\u2019exprime pour la premi\u00e8re fois \u00e0 la t\u00e9l\u00e9vision depuis le drame.<\/p>\n","protected":false},"excerpt":{"rendered":"Lio appara\u00eet pour la premi\u00e8re fois \u00e0 la t\u00e9l\u00e9vision depuis la mort de son fils Diego Capture \u00e9cran&hellip;\n","protected":false},"author":2,"featured_media":12550,"comment_status":"","ping_status":"","sticky":false,"template":"","format":"standard","meta":{"footnotes":""},"categories":[8],"tags":[976,5631,1000,58,59,1011,27,1714,1718,5633,1713,973,1717,1715,1716],"class_list":{"0":"post-12549","1":"post","2":"type-post","3":"status-publish","4":"format-standard","5":"has-post-thumbnail","7":"category-divertissement","8":"tag-actu-people","9":"tag-anne-elisabeth-lemoine","10":"tag-celebrites","11":"tag-divertissement","12":"tag-entertainment","13":"tag-fr","14":"tag-france","15":"tag-info-people","16":"tag-infos-people-du-jour","17":"tag-lio","18":"tag-news-people","19":"tag-people","20":"tag-photo-people","21":"tag-potins-de-stars","22":"tag-potins-people"},"share_on_mastodon":{"url":"https:\/\/pubeurope.com\/@fr\/114307891443421445","error":""},"_links":{"self":[{"href":"https:\/\/www.europesays.com\/fr\/wp-json\/wp\/v2\/posts\/12549","targetHints":{"allow":["GET"]}}],"collection":[{"href":"https:\/\/www.europesays.com\/fr\/wp-json\/wp\/v2\/posts"}],"about":[{"href":"https:\/\/www.europesays.com\/fr\/wp-json\/wp\/v2\/types\/post"}],"author":[{"embeddable":true,"href":"https:\/\/www.europesays.com\/fr\/wp-json\/wp\/v2\/users\/2"}],"replies":[{"embeddable":true,"href":"https:\/\/www.europesays.com\/fr\/wp-json\/wp\/v2\/comments?post=12549"}],"version-history":[{"count":0,"href":"https:\/\/www.europesays.com\/fr\/wp-json\/wp\/v2\/posts\/12549\/revisions"}],"wp:featuredmedia":[{"embeddable":true,"href":"https:\/\/www.europesays.com\/fr\/wp-json\/wp\/v2\/media\/12550"}],"wp:attachment":[{"href":"https:\/\/www.europesays.com\/fr\/wp-json\/wp\/v2\/media?parent=12549"}],"wp:term":[{"taxonomy":"category","embeddable":true,"href":"https:\/\/www.europesays.com\/fr\/wp-json\/wp\/v2\/categories?post=12549"},{"taxonomy":"post_tag","embeddable":true,"href":"https:\/\/www.europesays.com\/fr\/wp-json\/wp\/v2\/tags?post=12549"}],"curies":[{"name":"wp","href":"https:\/\/api.w.org\/{rel}","templated":true}]}}