{"id":125491,"date":"2025-05-24T21:48:08","date_gmt":"2025-05-24T21:48:08","guid":{"rendered":"https:\/\/www.europesays.com\/fr\/125491\/"},"modified":"2025-05-24T21:48:08","modified_gmt":"2025-05-24T21:48:08","slug":"mapr-2025-spoiler-marie-a-des-doutes-sur-son-avenir-avec-laurent-sa-mere-intervient","status":"publish","type":"post","link":"https:\/\/www.europesays.com\/fr\/125491\/","title":{"rendered":"MAPR 2025 (spoiler) : Marie a des doutes sur son avenir avec Laurent, sa m\u00e8re intervient"},"content":{"rendered":"<p>Diffus\u00e9 le lundi 26 mai, le <strong>mariage<\/strong> des<br \/>\n<a href=\"https:\/\/www.closermag.fr\/tv_tele_realite\/mapr-2025-spoiler-les-murs-vont-trembler-nuit-de-noce-caliente-en-vue-pour-marie-et-laurent-3547125\" target=\"_blank\" rel=\"noopener\"><br \/>\ncandidats de MAPR Marie et Laurent<\/a> va conna\u00eetre des<br \/>\n<strong>chamboulements<\/strong>. Si l\u2019\u00e9motion \u00e9tait palpable<br \/>\npendant la c\u00e9r\u00e9monie, un d\u00e9tail a rapidement jet\u00e9 un<br \/>\n<strong>froid<\/strong> dans le c\u0153ur de la jeune mari\u00e9e.<br \/>\n<strong>Laurent est p\u00e8re de trois enfants.<\/strong><\/p>\n<p>Tr\u00e8s vite, malgr\u00e9 une <strong>attirance<\/strong> \u00e9vidente entre<br \/>\nles deux candidats de <a href=\"https:\/\/www.closermag.fr\/tv_tele_realite\/mapr-2025-cette-demande-de-marie-concernant-laurent-qui-na-pas-du-tout-ete-respectee-un-choc-3545169\" target=\"_blank\" rel=\"noopener\"><br \/>\nMAPR<\/a>, Marie confie aux cam\u00e9ras ses premi\u00e8res craintes.<br \/>\n\u201c<strong>Laurent, il me pla\u00eet,<\/strong> j\u2019aime bien son<br \/>\ncaract\u00e8re, m\u00eame sa prestance, j\u2019adore le regard qu\u2019il pose sur moi,<br \/>\nc\u2019est tr\u00e8s <strong>intense<\/strong>. <strong>Mais il a trois<br \/>\nenfants\u2026 c\u2019est un vrai changement dans ma vie, j\u2019ai un peu<br \/>\npeur.<\/strong>\u201d explique-t-elle. <strong>Fragilis\u00e9e<\/strong><br \/>\npar une pr\u00e9c\u00e9dente tentative de mariage avort\u00e9e, <strong>Marie est<br \/>\nperdue.<\/strong><\/p>\n<p>\u201cJe suis tr\u00e8s exigeante\u201d : Marie (MAPR) se confie \u00e0<br \/>\nses proches<\/p>\n<p>Alors que les invit\u00e9s s\u2019appr\u00eatent \u00e0 c\u00e9l\u00e9brer l\u2019union, Marie<br \/>\nd\u00e9cide de parler \u00e0 ses proches de ce <strong>nouveau<br \/>\nbouleversement<\/strong> dans MAPR. Elle expose avec sinc\u00e9rit\u00e9 ses<br \/>\ndoutes. \u201c<strong>Je sais que je suis tr\u00e8s exigeante, tr\u00e8s<br \/>\nfusionnelle. Je veux une place dans sa vie<\/strong>.\u201d La<br \/>\nr\u00e9v\u00e9lation de la paternit\u00e9 de Laurent agit comme un<br \/>\n<strong>\u00e9lectrochoc<\/strong> et met en lumi\u00e8re les ajustements<br \/>\nqu\u2019elle devra peut-\u00eatre faire dans ce nouveau couple.<\/p>\n<p>Voyant sa fille <strong>perturb\u00e9e<\/strong> dans MAPR, <strong>la<br \/>\nm\u00e8re de Marie, Bernadette, choisit de l\u2019isoler pour discuter \u00e0<br \/>\nl\u2019\u00e9cart.<\/strong> Un moment hors de l\u2019agitation, pour faire le<br \/>\npoint et essayer de comprendre ce qui se joue r\u00e9ellement dans<br \/>\nl\u2019esprit de sa fille. Loin de vouloir briser la magie, elle tente<br \/>\nde <strong>l\u2019aider<\/strong> \u00e0 appr\u00e9hender la situation avec<br \/>\nlucidit\u00e9.<\/p>\n<p>\u201cUn ajustement pour les deux\u201d<br \/>\n: l\u2019analyse d\u2019Estelle Dossin, experte dans Mari\u00e9s au premier<br \/>\nregard<\/p>\n<p><a href=\"https:\/\/www.closermag.fr\/tv_tele_realite\/mapr-2025-spoiler-laventure-de-mallaury-prend-un-vrai-tournant-estelle-dossin-fait-une-annonce-3545495\" target=\"_blank\" rel=\"noopener\"><br \/>\nEstelle Dossin, experte de MAPR<\/a>, intervient pour \u00e9clairer les<br \/>\nenjeux d\u2019une telle situation. \u201cC\u2019est toujours<br \/>\n<strong>difficile<\/strong> quand un couple se forme et que l\u2019autre<br \/>\na des enfants. C\u2019est un <strong>ajustement pour les deux<\/strong><br \/>\nmais quand on a une <strong>compatibilit\u00e9 aussi forte que la leur,<br \/>\ntrouver le bon \u00e9quilibre n\u2019est pas si difficile<\/strong>.\u201d<br \/>\nconfie la psychologue clinicienne, confiante.<\/p>\n<p>Elle a \u00e9galement donn\u00e9 des conseils pour les aider. \u201cPour<br \/>\nLaurent, <strong>l\u2019important va \u00eatre de faire comprendre \u00e0 Marie<br \/>\nque m\u00eame si ses enfants sont sa priorit\u00e9, il saura<br \/>\ns\u2019organiser.<\/strong> (&#8230;) Marie, quant \u00e0 elle, va devoir<br \/>\n<strong>s\u2019adapter et accepter cette nouvelle dynamique<\/strong>. Ce<br \/>\nnouveau r\u00f4le aupr\u00e8s des enfants peut \u00eatre aussi vecteur de<br \/>\n<strong>rapprochement dans un couple, et cr\u00e9er du lien avec son<br \/>\nmari<\/strong>.\u201d Reste \u00e0 savoir si la jeune mari\u00e9e de MAPR est<br \/>\npr\u00eate \u00e0 faire ce pas.<\/p>\n","protected":false},"excerpt":{"rendered":"Diffus\u00e9 le lundi 26 mai, le mariage des candidats de MAPR Marie et Laurent va conna\u00eetre des chamboulements.&hellip;\n","protected":false},"author":2,"featured_media":125492,"comment_status":"","ping_status":"","sticky":false,"template":"","format":"standard","meta":{"footnotes":""},"categories":[1359],"tags":[548,58,59,1011,27,24856,6218,973],"class_list":{"0":"post-125491","1":"post","2":"type-post","3":"status-publish","4":"format-standard","5":"has-post-thumbnail","7":"category-people","8":"tag-article-simple","9":"tag-divertissement","10":"tag-entertainment","11":"tag-fr","12":"tag-france","13":"tag-mapr","14":"tag-maries-au-premier-regard","15":"tag-people"},"share_on_mastodon":{"url":"https:\/\/pubeurope.com\/@fr\/114565015380293318","error":""},"_links":{"self":[{"href":"https:\/\/www.europesays.com\/fr\/wp-json\/wp\/v2\/posts\/125491","targetHints":{"allow":["GET"]}}],"collection":[{"href":"https:\/\/www.europesays.com\/fr\/wp-json\/wp\/v2\/posts"}],"about":[{"href":"https:\/\/www.europesays.com\/fr\/wp-json\/wp\/v2\/types\/post"}],"author":[{"embeddable":true,"href":"https:\/\/www.europesays.com\/fr\/wp-json\/wp\/v2\/users\/2"}],"replies":[{"embeddable":true,"href":"https:\/\/www.europesays.com\/fr\/wp-json\/wp\/v2\/comments?post=125491"}],"version-history":[{"count":0,"href":"https:\/\/www.europesays.com\/fr\/wp-json\/wp\/v2\/posts\/125491\/revisions"}],"wp:featuredmedia":[{"embeddable":true,"href":"https:\/\/www.europesays.com\/fr\/wp-json\/wp\/v2\/media\/125492"}],"wp:attachment":[{"href":"https:\/\/www.europesays.com\/fr\/wp-json\/wp\/v2\/media?parent=125491"}],"wp:term":[{"taxonomy":"category","embeddable":true,"href":"https:\/\/www.europesays.com\/fr\/wp-json\/wp\/v2\/categories?post=125491"},{"taxonomy":"post_tag","embeddable":true,"href":"https:\/\/www.europesays.com\/fr\/wp-json\/wp\/v2\/tags?post=125491"}],"curies":[{"name":"wp","href":"https:\/\/api.w.org\/{rel}","templated":true}]}}