{"id":125495,"date":"2025-05-24T21:50:10","date_gmt":"2025-05-24T21:50:10","guid":{"rendered":"https:\/\/www.europesays.com\/fr\/125495\/"},"modified":"2025-05-24T21:50:10","modified_gmt":"2025-05-24T21:50:10","slug":"tracer-des-frontieres-de-jean-baptiste-veber","status":"publish","type":"post","link":"https:\/\/www.europesays.com\/fr\/125495\/","title":{"rendered":"\u00abTracer des fronti\u00e8res\u00bb de Jean-Baptiste V\u00e9ber"},"content":{"rendered":"<p class=\"t-content__chapo\">\n                                                C&rsquo;est l&rsquo;un des sujets cruciaux du monde d&rsquo;aujourd&rsquo;hui : les fronti\u00e8res. Elles ne cessent d&rsquo;\u00eatre remises en cause, de l&rsquo;Afrique \u00e0 l&rsquo;Am\u00e9rique latine, des mers de Chine \u00e0 l&rsquo;Ukraine, en passant par le Proche-Orient. D&rsquo;o\u00f9 viennent ces conflits frontaliers, comment les comprendre aujourd&rsquo;hui ? C&rsquo;est l&rsquo;objet du livre Tracer des fronti\u00e8res, des histoires de cartes au c\u0153ur des conflits contemporains, un ouvrage co\u00e9crit par David P\u00e9rier et Jean-Baptiste V\u00e9ber qui est notre invit\u00e9.                    <\/p>\n<p>        <img decoding=\"async\" fetchpriority=\"low\" src=\"https:\/\/www.europesays.com\/fr\/wp-content\/uploads\/2025\/05\/tracerlesfrontieres.jpg\" alt=\"La couverture de l'ouvrage \u00abTracer des fronti\u00e8res, des histoires de cartes au c\u0153ur des conflits contemporains\u00bb, un ouvrage co\u00e9crit par David P\u00e9rier et Jean-Baptiste V\u00e9ber\"   width=\"980\" height=\"551\" loading=\"eager\" class=\"m-figure__img lazy\"\/><\/p>\n<p>                La couverture de l&rsquo;ouvrage \u00abTracer des fronti\u00e8res, des histoires de cartes au c\u0153ur des conflits contemporains\u00bb, un ouvrage co\u00e9crit par David P\u00e9rier et Jean-Baptiste V\u00e9ber                \u00a9 \u00c9ditions Novice            <\/p>\n<p class=\"a-read-more\">\u00c0 lire aussi<a target=\"_self\" href=\"https:\/\/www.rfi.fr\/fr\/podcasts\/\u00e0-la-une-en-asie\/20250331-visas-vols-fronti\u00e8re-entre-l-inde-et-la-chine-un-certain-d\u00e9gel\" class=\"a-read-more__link\" rel=\"noopener\">Visas, vols, fronti\u00e8re: entre l\u2019Inde et la Chine, un certain d\u00e9gel<\/a><\/p>\n","protected":false},"excerpt":{"rendered":"C&rsquo;est l&rsquo;un des sujets cruciaux du monde d&rsquo;aujourd&rsquo;hui : les fronti\u00e8res. Elles ne cessent d&rsquo;\u00eatre remises en cause,&hellip;\n","protected":false},"author":2,"featured_media":125496,"comment_status":"","ping_status":"","sticky":false,"template":"","format":"standard","meta":{"footnotes":""},"categories":[1357],"tags":[1379,309,3259,251,58,59,1011,27,664,3258,1380,74,132,220],"class_list":{"0":"post-125495","1":"post","2":"type-post","3":"status-publish","4":"format-standard","5":"has-post-thumbnail","7":"category-livres","8":"tag-books","9":"tag-chine","10":"tag-conflit-israelo-palestinien","11":"tag-culture","12":"tag-divertissement","13":"tag-entertainment","14":"tag-fr","15":"tag-france","16":"tag-israel","17":"tag-livre-international","18":"tag-livres","19":"tag-monde","20":"tag-russie","21":"tag-ukraine"},"share_on_mastodon":{"url":"https:\/\/pubeurope.com\/@fr\/114565023261132218","error":""},"_links":{"self":[{"href":"https:\/\/www.europesays.com\/fr\/wp-json\/wp\/v2\/posts\/125495","targetHints":{"allow":["GET"]}}],"collection":[{"href":"https:\/\/www.europesays.com\/fr\/wp-json\/wp\/v2\/posts"}],"about":[{"href":"https:\/\/www.europesays.com\/fr\/wp-json\/wp\/v2\/types\/post"}],"author":[{"embeddable":true,"href":"https:\/\/www.europesays.com\/fr\/wp-json\/wp\/v2\/users\/2"}],"replies":[{"embeddable":true,"href":"https:\/\/www.europesays.com\/fr\/wp-json\/wp\/v2\/comments?post=125495"}],"version-history":[{"count":0,"href":"https:\/\/www.europesays.com\/fr\/wp-json\/wp\/v2\/posts\/125495\/revisions"}],"wp:featuredmedia":[{"embeddable":true,"href":"https:\/\/www.europesays.com\/fr\/wp-json\/wp\/v2\/media\/125496"}],"wp:attachment":[{"href":"https:\/\/www.europesays.com\/fr\/wp-json\/wp\/v2\/media?parent=125495"}],"wp:term":[{"taxonomy":"category","embeddable":true,"href":"https:\/\/www.europesays.com\/fr\/wp-json\/wp\/v2\/categories?post=125495"},{"taxonomy":"post_tag","embeddable":true,"href":"https:\/\/www.europesays.com\/fr\/wp-json\/wp\/v2\/tags?post=125495"}],"curies":[{"name":"wp","href":"https:\/\/api.w.org\/{rel}","templated":true}]}}