{"id":125497,"date":"2025-05-24T21:51:12","date_gmt":"2025-05-24T21:51:12","guid":{"rendered":"https:\/\/www.europesays.com\/fr\/125497\/"},"modified":"2025-05-24T21:51:12","modified_gmt":"2025-05-24T21:51:12","slug":"emilien-les-12-coups-de-midi-corrige-jean-luc-reichmann-en-pleine-emission","status":"publish","type":"post","link":"https:\/\/www.europesays.com\/fr\/125497\/","title":{"rendered":"Emilien (Les 12 Coups de midi) corrige Jean-Luc Reichmann en pleine \u00e9mission"},"content":{"rendered":"<p>Emilien ne se contente plus de r\u00e9podre correctement aux questions de Jean-Luc Reichmann dans Les 12 Coups de midi. Ce samedi 24 mai, le champion s&rsquo;est permis de corriger l&rsquo;animateur en peine \u00e9mission.<\/p>\n<p>Un candidat de jeu t\u00e9l\u00e9vis\u00e9 si dou\u00e9 qu\u2019il fait les questions et les r\u00e9ponses. Emilien ne cesse d\u2019\u00e9pater les t\u00e9l\u00e9spectateurs de TF1 dans<a href=\"https:\/\/www.programme-tv.net\/news\/tv\/379690-dans-les-prochains-mois-je-vais-entreprendre-paul-el-kharrat-annonce-son-grand-projet-mis-en-place-grace-a-ses-691-522-euros-de-gains-dans-les-12-coups-de-midi\/\" data-api-deeplink=\"teleloisirs:\/\/news\/379690\" target=\"_blank\" rel=\"noopener\"> Les 12 Coups de midi<\/a>. Le jeune homme de 22 ans est ma\u00eetre du jeu depuis septembre 2023. Il comptabilise<a href=\"https:\/\/www.programme-tv.net\/news\/tv\/379333-personne-ne-l-aurait-cru-celine-et-xavier-les-12-coups-de-midi-expliquent-comment-ils-se-sont-liberes-pour-la-600e-demilien-dans-lemission\/\" data-api-deeplink=\"teleloisirs:\/\/news\/379333\" target=\"_blank\" rel=\"noopener\"> plus de 600 participations<\/a> et quasiment 2,4 millions d&rsquo;euros de gains. Ce samedi 24 mai, il a encore \u00e9poustoufl\u00e9 Jean-Luc Reichmann lors du duel. L\u2019animateur lui a demand\u00e9 : \u00ab\u00a0Qui fut le Premier ministre de Charles de Gaulle ?\u00a0\u00bb Le regard dubitatif, Emilien a r\u00e9pondu : \u00ab\u00a0Debr\u00e9\u00a0\u00bb. Mais lorsque Jean-Luc Reichmann a demand\u00e9 une pr\u00e9cision sur le pr\u00e9nom de cet homme politique, le candidat de tous les records a expliqu\u00e9 son air \u00e9tonn\u00e9 : \u00ab\u00a0Michel ? Il doit manquer un mot dans la question. C\u2019est &lsquo;Premier premier ministre&rsquo;, je suppose.\u00a0\u00bb En effet, Jean-Luc Reichmann s\u2019\u00e9tait tromp\u00e9 en lisant la question, ce qui n\u2019a pas emp\u00each\u00e9 Emilien d\u2019y r\u00e9pondre. \u00ab\u00a0Vous imaginez, j\u2019ai pas la bonne question, mais il a la bonne r\u00e9ponse\u2026 Donc f\u00e9licitations ! Je ne suis pas une intelligence artificielle mais \u00e7a, on le savait d\u00e9j\u00e0\u00a0\u00bb, a r\u00e9torqu\u00e9 l\u2019animateur.<\/p>\n<p>                        Emilien (Les 12 Coups de midi) a encore franchi un cap<\/p>\n<p>Ce mardi 20 mai, <a href=\"https:\/\/www.programme-tv.net\/news\/tv\/379138-il-ne-travaille-que-pour-ca-emilien-obsede-par-les-12-coups-de-midi-sa-grand-mere-yvonne-balance\/\" data-api-deeplink=\"teleloisirs:\/\/news\/379138\" target=\"_blank\" rel=\"noopener\">Emilien<\/a> a battu un nouveau record dans Les 12 Coups de midi. \u00ab\u00a0\u00c7a y est, la 600e \u00e9mission est atteinte. \u00c7a d\u00e9passe tout entendement. Je suis trop content de pouvoir \u00eatre l\u00e0 de revenir tous les jours. \u00c0 chaque fois j\u2019essaie de faire au mieux pour \u00eatre encore l\u00e0 \u00e0 la fin de l\u2019\u00e9mission, pour essayer de revenir le lendemain et avoir la chance de le faire, c\u2019est vraiment exceptionnel !\u00a0\u00bb, a-t-il dit en d\u00e9but d\u2019\u00e9mission.<\/p>\n<p>Les esprits joueurs r\u00eavent d\u2019affronter et de battre \u00c9milien (Les 12 Coups de midi)<\/p>\n<p>Apr\u00e8s autant de participations, une cagnotte mirobolante et une c\u00e9l\u00e9brit\u00e9 li\u00e9e \u00e0 sa culture g\u00e9n\u00e9rale qui para\u00eet sans limite, comment Emilien vit-il l\u2019\u00e9ventualit\u00e9 d\u2019une d\u00e9faite ? Depuis le d\u00e9but de son parcours, le Vend\u00e9en a toujours dit qu\u2019il prenait les jours comme ils venaient, une \u00e9mission \u00e0 la fois. C\u00f4t\u00e9 adversaires, en revanche, la pr\u00e9sence continue d\u2019\u00c9milien sur TF1 pousse \u00e0 se lancer de nouveaux d\u00e9fis. \u00ab\u00a0Une personne hors norme comme lui titille forc\u00e9ment les joueurs que nous sommes\u00a0\u00bb, note Guillaume Garnier, qui a d\u00e9j\u00e0 particip\u00e9 \u00e0 une dizaine de jeux t\u00e9l\u00e9. Nicolas Descamps, joueur pass\u00e9 une cinquantaine de fois \u00e0 la t\u00e9l\u00e9vision, abonde : \u00ab\u00a0<a href=\"https:\/\/www.programme-tv.net\/news\/tv\/379354-tant-pis-si-je-perds-comment-emilien-les-12-coups-de-midi-est-devenu-l-homme-a-abattre-du-paf\/\" data-api-deeplink=\"teleloisirs:\/\/news\/379354\" target=\"_blank\" rel=\"noopener\">Tant pis si je perds<\/a>, le simple fait de l&rsquo;affronter serait un honneur !\u00a0\u00bb<\/p>\n<p>Article \u00e9crit en collaboration avec 6M\u00e9dias<\/p>\n","protected":false},"excerpt":{"rendered":"Emilien ne se contente plus de r\u00e9podre correctement aux questions de Jean-Luc Reichmann dans Les 12 Coups de&hellip;\n","protected":false},"author":2,"featured_media":125498,"comment_status":"","ping_status":"","sticky":false,"template":"","format":"standard","meta":{"footnotes":""},"categories":[1356],"tags":[244,58,8049,59,1011,27,465,8050,252,199,1364,1630],"class_list":{"0":"post-125497","1":"post","2":"type-post","3":"status-publish","4":"format-standard","5":"has-post-thumbnail","7":"category-television","8":"tag-commentaire","9":"tag-divertissement","10":"tag-emilien-les-12-coups-de-midi","11":"tag-entertainment","12":"tag-fr","13":"tag-france","14":"tag-jean-luc-reichmann","15":"tag-les-douze-coups-de-midi","16":"tag-television","17":"tag-tf1","18":"tag-tv","19":"tag-zapping"},"share_on_mastodon":{"url":"https:\/\/pubeurope.com\/@fr\/114565027228877135","error":""},"_links":{"self":[{"href":"https:\/\/www.europesays.com\/fr\/wp-json\/wp\/v2\/posts\/125497","targetHints":{"allow":["GET"]}}],"collection":[{"href":"https:\/\/www.europesays.com\/fr\/wp-json\/wp\/v2\/posts"}],"about":[{"href":"https:\/\/www.europesays.com\/fr\/wp-json\/wp\/v2\/types\/post"}],"author":[{"embeddable":true,"href":"https:\/\/www.europesays.com\/fr\/wp-json\/wp\/v2\/users\/2"}],"replies":[{"embeddable":true,"href":"https:\/\/www.europesays.com\/fr\/wp-json\/wp\/v2\/comments?post=125497"}],"version-history":[{"count":0,"href":"https:\/\/www.europesays.com\/fr\/wp-json\/wp\/v2\/posts\/125497\/revisions"}],"wp:featuredmedia":[{"embeddable":true,"href":"https:\/\/www.europesays.com\/fr\/wp-json\/wp\/v2\/media\/125498"}],"wp:attachment":[{"href":"https:\/\/www.europesays.com\/fr\/wp-json\/wp\/v2\/media?parent=125497"}],"wp:term":[{"taxonomy":"category","embeddable":true,"href":"https:\/\/www.europesays.com\/fr\/wp-json\/wp\/v2\/categories?post=125497"},{"taxonomy":"post_tag","embeddable":true,"href":"https:\/\/www.europesays.com\/fr\/wp-json\/wp\/v2\/tags?post=125497"}],"curies":[{"name":"wp","href":"https:\/\/api.w.org\/{rel}","templated":true}]}}