{"id":12551,"date":"2025-04-09T11:59:07","date_gmt":"2025-04-09T11:59:07","guid":{"rendered":"https:\/\/www.europesays.com\/fr\/12551\/"},"modified":"2025-04-09T11:59:07","modified_gmt":"2025-04-09T11:59:07","slug":"pourquoi-les-bases-francaises-en-antarctique-sont-en-danger","status":"publish","type":"post","link":"https:\/\/www.europesays.com\/fr\/12551\/","title":{"rendered":"Pourquoi les bases fran\u00e7aises en Antarctique sont en danger"},"content":{"rendered":"<p><strong>D\u00c9CRYPTAGE &#8211;<\/strong> La station franco-italienne Concordia, install\u00e9e dans une r\u00e9gion appel\u00e9e \u00ab\u00a0D\u00f4me\u00a0C\u00a0\u00bb, est un site de pointe pour la recherche climatique mondiale, dans laquelle la France a eu un r\u00f4le de pionnier depuis plusieurs d\u00e9cennies.<\/p>\n<p class=\"fig-paragraph\">\u00ab\u00a0L\u2019IPEV est en danger\u00a0\u00bb, a annonc\u00e9 Olivier Poivre\u00a0d\u2019Arvor, ambassadeur des p\u00f4les et des enjeux maritimes, le 2\u00a0avril, lors d\u2019un colloque, \u00e0 l\u2019Assembl\u00e9e nationale, organis\u00e9 par les d\u00e9put\u00e9s Cl\u00e9mence Guett\u00e9 et Jimmy Pahun, copr\u00e9sidents du groupe d\u2019\u00e9tudes Arctiques, Antarctiques, TAAF (Terres australes et antarctiques fran\u00e7aises) et grands fonds oc\u00e9aniques. L\u2019IPEV est l\u2019acronyme de l\u2019Institut polaire\u00a0<a href=\"http:\/\/www.lefigaro.fr\/voyages\/groenland-dans-le-desert-blanc-de-paul-emile-victor-20231110\" target=\"_blank\" data-fig-type=\"Article\" rel=\"noopener\" data-gtm-custom-categorie=\"navigation\" data-gtm-custom-action=\"crossclick\" data-gtm-custom-label=\"Contextuel\" data-gtm-event=\"customEventSPE\" data-fig-domain=\"LEFIGARO\">Paul-\u00c9mile-Victor<\/a>, cr\u00e9\u00e9 en 1992, qui compte une cinquantaine de personnes et s\u2019occupe de la logistique pour faire vivre les\u00a0<a href=\"http:\/\/www.lefigaro.fr\/international\/la-region-arctique-aiguise-les-rivalites-entre-puissances-20240815\" target=\"_blank\" data-fig-type=\"Article\" rel=\"noopener\" data-gtm-custom-categorie=\"navigation\" data-gtm-custom-action=\"crossclick\" data-gtm-custom-label=\"Contextuel\" data-gtm-event=\"customEventSPE\" data-fig-domain=\"LEFIGARO\">bases scientifiques fran\u00e7aises en Arctique et en Antarctique<\/a>.<\/p>\n<p class=\"fig-paragraph\">En temps normal, son budget de fonctionnement est d\u00e9j\u00e0 trop serr\u00e9, et il faudrait plus de 100\u00a0millions d\u2019euros pour remettre en \u00e9tat la station Dumont-d\u2019Urville, situ\u00e9e sur les c\u00f4tes de Terre-Ad\u00e9lie, qui sert de base logistique pour la station franco-italienne Concordia, \u00e0 plus d\u2019un millier de kilom\u00e8tres \u00e0 l\u2019int\u00e9rieur du continent blanc. Et malgr\u00e9 les promesses d\u2019Emmanuel Macron fin 2023, les financements n\u2019arrivent\u2026<\/p>\n<p class=\"fig-premium-paywall__infos\">\n        Cet article est r\u00e9serv\u00e9 aux abonn\u00e9s.        Il vous reste 86% \u00e0 d\u00e9couvrir.\n    <\/p>\n<p>                <img  data- alt=\"Le Figaro\" class=\"fig-img--complete fig-img\"\/><\/p>\n<p class=\"fig-premium-paywall__title\">Vous avez envie de lire la suite ?<\/p>\n<p class=\"fig-premium-paywall__subtitle\">D\u00e9bloquez tous les articles imm\u00e9diatement.<\/p>\n<p class=\"fig-premium-paywall__connect\">\n                D\u00e9j\u00e0 abonn\u00e9\u00a0?                <a class=\"fig-premium-paywall__connect-link\" href=\"https:\/\/connect.lefigaro.fr\/login?client=horizon_web&amp;type=main&amp;redirect_uri=https%3A%2F%2Fwww.lefigaro.fr%2Fsciences%2Fpourquoi-les-bases-francaises-en-antarctique-sont-en-danger-20250408\" data-js-gtm=\"{&quot;customCategorie&quot;: &quot;conversion&quot;, &quot;customAction&quot;: &quot;before_Landing_Connexion_paywall_auto&quot;, &quot;customLabel&quot;: &quot;bGVmaWdhcm8uZnJfXzFmMDE0NjBlLWNlYTUtNjU3Ni1hYTNhLWY1MjU2ZTliYTk2NF9fQXJ0aWNsZQ==_Pourquoi les bases fran\u00e7aises en Antarctique sont en danger_409&quot;, &quot;customIDSPE&quot;: &quot;bGVmaWdhcm8uZnJfXzFmMDE0NjBlLWNlYTUtNjU3Ni1hYTNhLWY1MjU2ZTliYTk2NF9fQXJ0aWNsZQ==&quot;, &quot;event&quot;: &quot;customEventSPE&quot;}\" target=\"_blank\" rel=\"noopener\"><br \/>\n                    Connectez-vous<br \/>\n                <\/a>\n            <\/p>\n","protected":false},"excerpt":{"rendered":"D\u00c9CRYPTAGE &#8211; La station franco-italienne Concordia, install\u00e9e dans une r\u00e9gion appel\u00e9e \u00ab\u00a0D\u00f4me\u00a0C\u00a0\u00bb, est un site de pointe pour&hellip;\n","protected":false},"author":2,"featured_media":12552,"comment_status":"","ping_status":"","sticky":false,"template":"","format":"standard","meta":{"footnotes":""},"categories":[7],"tags":[47,49,11,5764,48,51,54,1011,27,52,43,40,41,39,50,42,44,53],"class_list":{"0":"post-12551","1":"post","2":"type-post","3":"status-publish","4":"format-standard","5":"has-post-thumbnail","7":"category-sciences-et-technologies","8":"tag-actualite","9":"tag-actualite-scientifique","10":"tag-actualites","11":"tag-antarctique","12":"tag-astronomie","13":"tag-ecologie","14":"tag-faune-et-flore","15":"tag-fr","16":"tag-france","17":"tag-planete","18":"tag-science","19":"tag-science-and-technology","20":"tag-sciences","21":"tag-sciences-et-technologies","22":"tag-sciences-humaines","23":"tag-technologies","24":"tag-technology","25":"tag-zoologie"},"share_on_mastodon":{"url":"https:\/\/pubeurope.com\/@fr\/114307895370830459","error":""},"_links":{"self":[{"href":"https:\/\/www.europesays.com\/fr\/wp-json\/wp\/v2\/posts\/12551","targetHints":{"allow":["GET"]}}],"collection":[{"href":"https:\/\/www.europesays.com\/fr\/wp-json\/wp\/v2\/posts"}],"about":[{"href":"https:\/\/www.europesays.com\/fr\/wp-json\/wp\/v2\/types\/post"}],"author":[{"embeddable":true,"href":"https:\/\/www.europesays.com\/fr\/wp-json\/wp\/v2\/users\/2"}],"replies":[{"embeddable":true,"href":"https:\/\/www.europesays.com\/fr\/wp-json\/wp\/v2\/comments?post=12551"}],"version-history":[{"count":0,"href":"https:\/\/www.europesays.com\/fr\/wp-json\/wp\/v2\/posts\/12551\/revisions"}],"wp:featuredmedia":[{"embeddable":true,"href":"https:\/\/www.europesays.com\/fr\/wp-json\/wp\/v2\/media\/12552"}],"wp:attachment":[{"href":"https:\/\/www.europesays.com\/fr\/wp-json\/wp\/v2\/media?parent=12551"}],"wp:term":[{"taxonomy":"category","embeddable":true,"href":"https:\/\/www.europesays.com\/fr\/wp-json\/wp\/v2\/categories?post=12551"},{"taxonomy":"post_tag","embeddable":true,"href":"https:\/\/www.europesays.com\/fr\/wp-json\/wp\/v2\/tags?post=12551"}],"curies":[{"name":"wp","href":"https:\/\/api.w.org\/{rel}","templated":true}]}}