{"id":125524,"date":"2025-05-24T22:07:16","date_gmt":"2025-05-24T22:07:16","guid":{"rendered":"https:\/\/www.europesays.com\/fr\/125524\/"},"modified":"2025-05-24T22:07:16","modified_gmt":"2025-05-24T22:07:16","slug":"opera-de-toulon-lemotion-sur-le-devant-des-scenes","status":"publish","type":"post","link":"https:\/\/www.europesays.com\/fr\/125524\/","title":{"rendered":"Op\u00e9ra de Toulon : l\u2019\u00e9motion sur le devant des sc\u00e8nes"},"content":{"rendered":"<p>\u00ab\u00a0Les diff\u00e9rents lieux ont \u00e9largi le public, j\u2019en suis convaincu. Une partie \u00e9tait commune, mais cela cr\u00e9e de la curiosit\u00e9 aupr\u00e8s d\u2019autres personnes\u00a0\u00bb, explique <a href=\"https:\/\/mesinfos.fr\/provence-alpes-cote-d-azur\/toulon-jerome-brunetiere-prend-la-direction-de-l-opera-109600.html\" rel=\"noopener\" target=\"_blank\">J\u00e9r\u00f4me Bruneti\u00e8re, directeur de l\u2019op\u00e9ra de Toulon<\/a>, \u00e0 propos de <strong>la nouvelle programmation hors les murs<\/strong>. La troisi\u00e8me cons\u00e9cutive, au regard <a href=\"https:\/\/mesinfos.fr\/83000-toulon\/toulon-l-opera-entend-le-son-des-travaux-212635.html\" rel=\"noopener\" target=\"_blank\">des grands travaux<\/a> au sein de ce joyau de la culture toulonnaise qui se poursuivront jusqu\u2019\u00e0 fin 2027. <\/p>\n<p><a href=\"https:\/\/mesinfos.fr\/tag\/opera-de-toulon\" rel=\"noopener\" target=\"_blank\">L\u2019op\u00e9ra de Toulon<\/a> va ainsi continuer de d\u00e9clencher l\u2019\u00e9motion en particulier<strong> au Z\u00e9nith, au Palais Neptune, sur les sc\u00e8nes nationales du Libert\u00e9 et de Ch\u00e2teauvallon<\/strong>, avec qui les chaleureuses relations nou\u00e9es devraient s\u2019inscrire dans le temps, et \u00e0 la faveur de repr\u00e9sentations diverses, de plus en plus vari\u00e9es, \u00e0 l\u2019\u00e9chelle de la m\u00e9tropole et plus globalement du Var. <\/p>\n<p>Le financement du ch\u0153ur stabilis\u00e9 <\/p>\n<p>La <strong>programmation 2025-2026<\/strong> est attractive et homog\u00e8ne, variant les r\u00e9pertoires \u00ab invitant au voyage dans la magie de l\u2019op\u00e9ra, du plus l\u00e9ger au plus s\u00e9rieux dans diff\u00e9rentes formes et esth\u00e9tiques \u00bb, selon le souhait du directeur,\u00a0tr\u00e8s attach\u00e9 \u00e0 \u00ab\u00a0un \u00e9quilibre de saison\u00a0\u00bb, \u00e0 l\u2019\u00e9coute des attentes, des envies et voulant <strong>\u00eatre \u00ab force de propositions sur des spectacles moins attendus \u00bb.<\/strong> <\/p>\n<p>Une saison au cours de laquelle l\u2019orchestre et <strong>le ch\u0153ur de l\u2019op\u00e9ra<\/strong> sont particuli\u00e8rement mis en exergue, <a href=\"https:\/\/mesinfos.fr\/83000-toulon\/chant-de-joie-a-l-opera-de-toulon-le-licenciement-du-choeur-annule-215837.html\" rel=\"noopener\" target=\"_blank\">ce dernier ne faisant plus aujourd\u2019hui l\u2019objet de suppression<\/a>, selon J\u00e9r\u00f4me Bruneti\u00e8re, apr\u00e8s avoir \u00e9t\u00e9 sauv\u00e9 par une subvention exceptionnelle octroy\u00e9e par la Ville de Toulon. <strong>Qu\u2019en sera-t-il demain ?<\/strong> Les \u00e9lections municipales et leurs cons\u00e9quences sur la M\u00e9tropole Toulon Provence M\u00e9diterran\u00e9e, collectivit\u00e9 principale de tutelle de l\u2019op\u00e9ra, apporteront une nouvelle v\u00e9rit\u00e9, sachant que pour l\u2019heure le financement est stabilis\u00e9. Ce qui n\u2019emp\u00eache pas d\u2019essayer de faire \u00e9voluer les mod\u00e8les de <a href=\"https:\/\/mesinfos.fr\/83000-toulon\/la-gestion-de-l-opera-de-toulon-passee-au-crible-218498.html\" rel=\"noopener\" target=\"_blank\">cette forme d\u2019art globalement fragilis\u00e9e en France<\/a>.<\/p>\n<p> Une riche programmation pour l&rsquo;op\u00e9ra de Toulon <\/p>\n<p>En attendant, la saison pr\u00e9sent\u00e9e par le directeur fait honneur tout d\u2019abord \u00e0 <strong>l\u2019art lyrique<\/strong>, \u00e0 commencer par <strong>\u00ab\u00a0Norma\u00a0\u00bb, l\u2019un des chefs d\u2019\u0153uvre de Vincenzo Bellini<\/strong>, mis en espace et en sc\u00e8ne \u00e0 Ch\u00e2teauvallon dont on sait d\u00e9sormais que le lieu est parfait pour l\u2019op\u00e9ra. De grands moments en perspective <strong>les 26 et 28 juin<\/strong>, avec une distribution qui fait place aux jeunes talents. <\/p>\n<p>Saut dans le temps avec quatre repr\u00e9sentations <strong>les 7 et 8 novembre<\/strong>, incluant les scolaires, toujours sur la sc\u00e8ne nationale, mais au th\u00e9\u00e2tre Libert\u00e9, avec<strong> \u00ab\u00a0La Petite Sir\u00e8ne\u00a0\u00bb, op\u00e9ra f\u00e9\u00e9rique de R\u00e9gis Campo<\/strong> d\u2019apr\u00e8s le conte d\u2019Andersen, pour le jeune public et les familles. Une histoire qui parle de la diff\u00e9rence et fait passer des messages. <\/p>\n<p>Pour la fin d\u2019ann\u00e9e, <strong>le 31 d\u00e9cembre et le 2 janvier<\/strong>, le Z\u00e9nith sera le th\u00e9\u00e2tre de <strong>l\u2019op\u00e9ra bouffe \u00ab\u00a0Don Pasquale\u00a0\u00bb de Gaetano Donizetti<\/strong>, avec une mise en sc\u00e8ne de f\u00eate, un livret qui stimule l\u2019\u00e9motion, et, l\u00e0 aussi, une belle distribution. <\/p>\n<p>Deux op\u00e9ras en version de concert vont ensuite s\u2019encha\u00eener au Palais Neptune, les grands airs de Hector Berlioz avec un duo de tr\u00e8s haut niveau, <strong>Karine Deshayes et Pavol Breslik<\/strong>, <strong>les 20 et 21 janvier<\/strong>, puis <strong>\u00ab\u00a0Le Vaisseau Fant\u00f4me\u00a0\u00bb<\/strong> de Richard Wagner sous la direction musicale de Victorien Vanoosten, <strong>les 17 et 19 f\u00e9vrier<\/strong>.<\/p>\n<p> <img decoding=\"async\" alt=\"\" class=\"img-size-limited\" data-zoomable=\"\" loading=\"lazy\" src=\"https:\/\/www.europesays.com\/fr\/wp-content\/uploads\/2025\/05\/opera-toulon-jerome-brunetiere.JPG\" width=\"100%\"\/> \u00a9 O. R\u00e9al &#8211; J\u00e9r\u00f4me Bruneti\u00e8re, directeur de l\u2019op\u00e9ra de Toulon. <\/p>\n<p>Retour au Libert\u00e9 les <strong>4, 6 et 8 mars 2026<\/strong>, avec <strong>\u00ab\u00a0Le Barbier de S\u00e9ville\u00a0\u00bb<\/strong>, merveille d\u2019op\u00e9ra bouffe de Gioachino Rossini dans une version r\u00e9duite d\u2019orchestre, agr\u00e9mentant le jeu d\u2019acteurs et de chanteurs internationaux par des marionnettes. <\/p>\n<p>Autre retour au printemps, au Libert\u00e9 toujours, celui de <strong>la com\u00e9die musicale am\u00e9ricaine<\/strong>, genre que l\u2019op\u00e9ra de Toulon a consid\u00e9rablement relanc\u00e9 en France depuis 15 ans, avec \u00ab\u00a0Putting It Together\u00a0\u00bb de Stephen Sondheim. Une cr\u00e9ation fran\u00e7aise sous production \u00ab\u00a0maison\u00a0\u00bb avec<strong> trois tours d\u2019horizon des meilleurs morceaux de Sondheim les 24, 26 et 28 avril<\/strong>. <\/p>\n<p>Enfin, la boucle lyrique se bouclera les <strong>26, 28 et 30 juin 2026<\/strong> \u00e0 Ch\u00e2teauvallon pour un tr\u00e8s attendu <strong>\u00ab\u00a0Madame Butterfly\u00a0\u00bb de Giacomo Puccini<\/strong>. A d\u00e9faut de baie de Nagazaki, la demeure de l\u2019h\u00e9ro\u00efne donnera sur la rade de Toulon, \u00e0 la nuit tombante. Une coproduction originale des op\u00e9ras de Toulon, de Toulouse et de Tours. <\/p>\n<p>Un large public vis\u00e9 <\/p>\n<p>La saison symphonique au Palais Neptune ne manque pas d\u2019int\u00e9r\u00eat, loin s\u2019en faut, pr\u00e9sentant <strong>en ouverture le 17 septembre, \u00ab\u00a0L\u2019ultime Mozart\u00a0\u00bb<\/strong>, les derni\u00e8res \u0153uvres du g\u00e9nie. <strong>Le 10 d\u00e9cembre, \u00ab\u00a0Nouveau monde ?\u00a0\u00bb<\/strong> proposera des \u0153uvres de Bartok, de Prokofiev, de Dvorak et sa c\u00e9l\u00e8bre symphonie n\u00b09. <\/p>\n<p><strong>Le 19 mars, \u00ab\u00a0Jardin d\u2019enfants\u00a0\u00bb<\/strong> sera compos\u00e9 des contes et po\u00e9sies en fran\u00e7ais, de Roussel, Chausson et Ravel. Quelques jours plus tard, <strong>le 1er\u00a0avril, 10e\u00a0\u00e9dition de La Nuit du Piano<\/strong> sur le th\u00e8me de l\u2019Espagne, dans le cadre du Festival de musique de Toulon et sa r\u00e9gion, avec des \u00e9tudiants musiciens de l\u2019IESM d\u2019Aix-en-Provence. Enfin, <strong>le 28 mai, \u00ab\u00a0D\u00e9lices et Tourments\u00a0\u00bb<\/strong> viendront terminer la saison avec Tcha\u00efkovski et Ibert.<\/p>\n<p><strong>Ballets, danses, th\u00e9\u00e2tre, musique de chambre, r\u00e9citals<\/strong>, sont aussi au programme sur nombre de sc\u00e8nes, petites et grandes de la m\u00e9tropole Toulon Provence M\u00e9diterran\u00e9e, tandis que Var Op\u00e9ra, tourn\u00e9e estivale en partenariat avec le D\u00e9partement, proposera un <strong>voyage initiatique de six manifestations avec le ch\u0153ur<\/strong> dans le d\u00e9partement, et que dix concerts sont pr\u00e9vus dans le cadre du <strong>Festival La vague Classique<\/strong>, d\u00e9bordant dans les Bouches-du-Rh\u00f4ne et les Alpes-Maritimes. <\/p>\n<p>De quoi porter la bonne parole, en plus de la bonne musique, sur un large p\u00e9rim\u00e8tre, et se donner les meilleures chances de capter un large public, y compris de m\u00e9c\u00e8nes \u00e0 travers le Club Orfeo pour les entreprises et la Camerata pour les particuliers. Autant de moyens suppl\u00e9mentaires contribuant au rayonnement de l\u2019op\u00e9ra, \u00e0 son r\u00f4le p\u00e9dagogique aussi, notamment aupr\u00e8s des jeunes. Histoire de faire partager les \u00e9motions au plus grand nombre.<\/p>\n","protected":false},"excerpt":{"rendered":"\u00ab\u00a0Les diff\u00e9rents lieux ont \u00e9largi le public, j\u2019en suis convaincu. Une partie \u00e9tait commune, mais cela cr\u00e9e de&hellip;\n","protected":false},"author":2,"featured_media":125525,"comment_status":"","ping_status":"","sticky":false,"template":"","format":"standard","meta":{"footnotes":""},"categories":[9619],"tags":[1111,11,1777,674,1011,27,12,24860,24861,882,25,2310],"class_list":{"0":"post-125524","1":"post","2":"type-post","3":"status-publish","4":"format-standard","5":"has-post-thumbnail","7":"category-toulon","8":"tag-actu","9":"tag-actualites","10":"tag-eu","11":"tag-europe","12":"tag-fr","13":"tag-france","14":"tag-news","15":"tag-opu00e9ra","16":"tag-opu00e9ra-de-toulon","17":"tag-provence-alpes-cote-dazur","18":"tag-republique-francaise","19":"tag-toulon"},"share_on_mastodon":{"url":"https:\/\/pubeurope.com\/@fr\/114565090124772569","error":""},"_links":{"self":[{"href":"https:\/\/www.europesays.com\/fr\/wp-json\/wp\/v2\/posts\/125524","targetHints":{"allow":["GET"]}}],"collection":[{"href":"https:\/\/www.europesays.com\/fr\/wp-json\/wp\/v2\/posts"}],"about":[{"href":"https:\/\/www.europesays.com\/fr\/wp-json\/wp\/v2\/types\/post"}],"author":[{"embeddable":true,"href":"https:\/\/www.europesays.com\/fr\/wp-json\/wp\/v2\/users\/2"}],"replies":[{"embeddable":true,"href":"https:\/\/www.europesays.com\/fr\/wp-json\/wp\/v2\/comments?post=125524"}],"version-history":[{"count":0,"href":"https:\/\/www.europesays.com\/fr\/wp-json\/wp\/v2\/posts\/125524\/revisions"}],"wp:featuredmedia":[{"embeddable":true,"href":"https:\/\/www.europesays.com\/fr\/wp-json\/wp\/v2\/media\/125525"}],"wp:attachment":[{"href":"https:\/\/www.europesays.com\/fr\/wp-json\/wp\/v2\/media?parent=125524"}],"wp:term":[{"taxonomy":"category","embeddable":true,"href":"https:\/\/www.europesays.com\/fr\/wp-json\/wp\/v2\/categories?post=125524"},{"taxonomy":"post_tag","embeddable":true,"href":"https:\/\/www.europesays.com\/fr\/wp-json\/wp\/v2\/tags?post=125524"}],"curies":[{"name":"wp","href":"https:\/\/api.w.org\/{rel}","templated":true}]}}