{"id":125534,"date":"2025-05-24T22:13:26","date_gmt":"2025-05-24T22:13:26","guid":{"rendered":"https:\/\/www.europesays.com\/fr\/125534\/"},"modified":"2025-05-24T22:13:26","modified_gmt":"2025-05-24T22:13:26","slug":"une-derniere-vente-ce-vendredi-soir-pour-la-demi-finale-de-pro-d2","status":"publish","type":"post","link":"https:\/\/www.europesays.com\/fr\/125534\/","title":{"rendered":"une derni\u00e8re vente ce vendredi soir pour la demi-finale de Pro D2"},"content":{"rendered":"<p>Ce vendredi soir \u00e0 20 h 30, la billetterie du FCG va battre \u00e0 plein r\u00e9gime. Le club grenoblois, qui va disputer sa demi-finale ce jeudi 29 mai (21 heures) au Stade des Alpes, face \u00e0 Provence Rugby, va proc\u00e9der \u00e0 une derni\u00e8re mise en vente des tickets. Le Stade des Alpes va r\u00e9sonner fort pour soutenir les rugbymen sur la pelouse.<\/p>\n<p>Ce contenu est bloqu\u00e9 car vous n&rsquo;avez pas accept\u00e9 les cookies et autres traceurs.<\/p>\n<p>En cliquant sur \u00ab J\u2019accepte \u00bb, les cookies et autres traceurs seront d\u00e9pos\u00e9s et vous pourrez visualiser les contenus  (<a href=\"\" class=\"consentModule_policy\" target=\"_blank\" title=\"Consulter la politique de protection des donn\u00e9es du fournisseur\">plus d&rsquo;informations<\/a>).<\/p>\n<p>En cliquant sur \u00ab J\u2019accepte tous les cookies \u00bb, vous autorisez des d\u00e9p\u00f4ts de cookies et autres traceurs pour le stockage de vos donn\u00e9es sur nos sites et applications \u00e0 des fins de personnalisation et de ciblage publicitaire.<\/p>\n<p class=\"consentModule_secondaryText\">Vous gardez la possibilit\u00e9 de retirer votre consentement \u00e0 tout moment en consultant notre <a href=\"https:\/\/www.ledauphine.com\/protection-des-donnees\" target=\"_blank\" title=\"Consulter notre politique de protection des donn\u00e9es\" rel=\"noopener\">politique de protection des donn\u00e9es<\/a>. <br \/>&#13;<br \/>\n            <a href=\"https:\/\/www.ledauphine.com\/sport\/2025\/05\/23\/javascript:Didomi.notice.show()\" class=\"consentModule_cmp\" target=\"_blank\" rel=\"noopener\">G\u00e9rer mes choix<\/a>&#13;\n        <\/p>\n<p>&#13;<br \/>\n                        J&rsquo;accepte&#13;<br \/>\n            J&rsquo;accepte tous les cookies&#13;\n        <\/p>\n<p>  Aix n\u2019a pas utilis\u00e9 tout son quota<\/p>\n<p>Depuis quelques jours, plus aucune place n\u2019\u00e9tait disponible pour assister \u00e0 la rencontre. La raison\u00a0? Un quota de places r\u00e9serv\u00e9es pour le club adverse de la demi-finale, dont on a d\u00e9couvert l\u2019identit\u00e9 ce jeudi soir, apr\u00e8s le match de barrage<a href=\"https:\/\/www.ledauphine.com\/sport\/2025\/05\/22\/le-fcg-affrontera-provence-pour-une-place-en-finale-de-pro-d2\" target=\"_blank\" rel=\"noopener\"> entre Provence et Soyaux-Angoul\u00eame (49-22)<\/a>. Le club des Bouches-du-Rh\u00f4ne disposait alors de 5\u00a0000 places pour ses supporters et a d\u00e9cid\u00e9 d\u2019en rendre une partie au FCG d\u00e8s ce vendredi. C\u2019est pour cela que la vente des derni\u00e8res places a lieu d\u00e8s 20h30.<\/p>\n<p>Pour les retardataires, il est tr\u00e8s peu probable de voir de nouvelles places d\u00e9bloqu\u00e9es par la suite. Le club pr\u00e9vient qu\u2019il ne peut \u201cgarantir que des nouvelles mises en vente auront lieu ensuite\u201d.<\/p>\n","protected":false},"excerpt":{"rendered":"Ce vendredi soir \u00e0 20 h 30, la billetterie du FCG va battre \u00e0 plein r\u00e9gime. Le club&hellip;\n","protected":false},"author":2,"featured_media":124042,"comment_status":"","ping_status":"","sticky":false,"template":"","format":"standard","meta":{"footnotes":""},"categories":[9566],"tags":[1111,11,2430,112,1777,674,2727,1701,1011,27,2731,2732,108,12,2308,25,479,517],"class_list":{"0":"post-125534","1":"post","2":"type-post","3":"status-publish","4":"format-standard","5":"has-post-thumbnail","7":"category-grenoble","8":"tag-actu","9":"tag-actualites","10":"tag-auvergne-rhone-alpes","11":"tag-edition-grenoble-agglomeration","12":"tag-eu","13":"tag-europe","14":"tag-fcg-fc-grenoble-rugby","15":"tag-fil-info-sport","16":"tag-fr","17":"tag-france","18":"tag-grenoble","19":"tag-grenoble-bassin","20":"tag-isere","21":"tag-news","22":"tag-pro-d2","23":"tag-republique-francaise","24":"tag-rugby","25":"tag-sport"},"share_on_mastodon":{"url":"https:\/\/pubeurope.com\/@fr\/114565113660742269","error":""},"_links":{"self":[{"href":"https:\/\/www.europesays.com\/fr\/wp-json\/wp\/v2\/posts\/125534","targetHints":{"allow":["GET"]}}],"collection":[{"href":"https:\/\/www.europesays.com\/fr\/wp-json\/wp\/v2\/posts"}],"about":[{"href":"https:\/\/www.europesays.com\/fr\/wp-json\/wp\/v2\/types\/post"}],"author":[{"embeddable":true,"href":"https:\/\/www.europesays.com\/fr\/wp-json\/wp\/v2\/users\/2"}],"replies":[{"embeddable":true,"href":"https:\/\/www.europesays.com\/fr\/wp-json\/wp\/v2\/comments?post=125534"}],"version-history":[{"count":0,"href":"https:\/\/www.europesays.com\/fr\/wp-json\/wp\/v2\/posts\/125534\/revisions"}],"wp:featuredmedia":[{"embeddable":true,"href":"https:\/\/www.europesays.com\/fr\/wp-json\/wp\/v2\/media\/124042"}],"wp:attachment":[{"href":"https:\/\/www.europesays.com\/fr\/wp-json\/wp\/v2\/media?parent=125534"}],"wp:term":[{"taxonomy":"category","embeddable":true,"href":"https:\/\/www.europesays.com\/fr\/wp-json\/wp\/v2\/categories?post=125534"},{"taxonomy":"post_tag","embeddable":true,"href":"https:\/\/www.europesays.com\/fr\/wp-json\/wp\/v2\/tags?post=125534"}],"curies":[{"name":"wp","href":"https:\/\/api.w.org\/{rel}","templated":true}]}}