{"id":125537,"date":"2025-05-24T22:16:11","date_gmt":"2025-05-24T22:16:11","guid":{"rendered":"https:\/\/www.europesays.com\/fr\/125537\/"},"modified":"2025-05-24T22:16:11","modified_gmt":"2025-05-24T22:16:11","slug":"politique-une-delegation-du-camp-palestinien-daida-est-arrivee-a-strasbourg-en-vue-dun-jumelage","status":"publish","type":"post","link":"https:\/\/www.europesays.com\/fr\/125537\/","title":{"rendered":"Politique. Une d\u00e9l\u00e9gation du camp palestinien d\u2019Aida est arriv\u00e9e \u00e0 Strasbourg en vue d\u2019un jumelage"},"content":{"rendered":"<p>Si les relations avec le camp palestinien d\u2019Aida, situ\u00e9 non loin de Bethl\u00e9em, en Cisjordanie, sont anciennes et doivent notamment au festival de musique contemporaine Musica, <a href=\"https:\/\/www.dna.fr\/defense-guerre-conflit\/2025\/05\/23\/barseghian-sur-une-ligne-de-crete\" target=\"_blank\" rel=\"nofollow noopener\"> la concr\u00e9tisation d\u2019un jumelage \u00e9voqu\u00e9 de longue date devrait aboutir ces prochaines semaines.<\/a><\/p>\n<p>Profitant d\u2019un s\u00e9jour en France de ses repr\u00e9sentants, une visite a \u00e9t\u00e9 organis\u00e9e dans la foul\u00e9e \u00e0 Strasbourg. Elle doit se poursuivre jusqu\u2019\u00e0 mardi 27 mai.\u00a0Les quatre repr\u00e9sentants du camp, dont le pr\u00e9sident du comit\u00e9 populaire d\u2019Aida, Said Alazzeh, ont \u00e9t\u00e9 convi\u00e9s ce samedi 24\u00a0mai \u00e0 un d\u00e9jeuner officiel \u00e0 l\u2019h\u00f4tel de ville en guise d\u2019accueil symbolique, en compagnie de nombreux adjoints et repr\u00e9sentants d\u2019associations d\u00e9j\u00e0 en relation avec le camp, assembl\u00e9e favorable au jumelage.\u00a0Dans les esprits et les prises de paroles\u00a0: la guerre men\u00e9e par Isra\u00ebl \u00e0 Gaza depuis les attentats terroristes du 7\u00a0octobre\u00a02023 et l\u2019urgence humanitaire.<\/p>\n<p>  Des visites et rencontres avec des structures strasbourgeoises ces prochains jours<\/p>\n<p>Pour avancer vers la paix, aider les plus jeunes \u00e0 s\u2019\u00e9manciper, \u00ab\u00a0nous avons besoin de libert\u00e9\u00a0\u00bb, a exprim\u00e9 Anas Abu Srour, directeur du centre de jeunesse d\u2019Aida. Abdelfattah Abusrour, directeur du centre culturel et th\u00e9\u00e2tral pour enfants Alrowwad, parfaitement francophone, a dit combien il \u00e9tait important de sortir de l\u2019image mis\u00e9rabiliste attach\u00e9e aux Palestiniens. Le soutien aux sports ou aux arts est pour lui une voie\u00a0: \u00ab\u00a0Un moyen de construire la paix.\u00a0\u00bb Et d\u2019ajouter\u00a0: \u00ab\u00a0On sait ce qui est n\u00e9cessaire pour nous, am\u00e9liorer les infrastructures, soutenir des projets, que le soutien ne soit pas juste symbolique.\u00a0\u00bb<\/p>\n<p>Ces prochains jours, des visites sont organis\u00e9es avec diff\u00e9rentes associations mais aussi dans des lieux aussi divers\u00a0que la <a href=\"http:\/\/www.dna.fr\/p\/cathedrale-de-strasbourg\" target=\"_blank\" rel=\"nofollow noopener\">cath\u00e9drale de Strasbourg<\/a>, le mus\u00e9e Tomi-Ungerer ou encore le festival LN Contest\u2026<\/p>\n<p>  Une premi\u00e8re aide d\u2019urgence envisag\u00e9e<\/p>\n<p>Prochaine \u00e9tape\u00a0: une d\u00e9lib\u00e9ration sera soumise au vote des conseillers municipaux le lundi 23\u00a0juin pour\u00a0formaliser le jumelage. Une premi\u00e8re rencontre entre les \u00e9lus d\u2019opposition et la d\u00e9l\u00e9gation palestinienne doit \u00eatre suivie d\u2019un nouvel \u00e9change avec la maire pour \u00e9claircir diff\u00e9rents points. \u00c0 ce stade, et sous r\u00e9serve des \u00e9changes \u00e0 venir, il n\u2019y a pas de blocage de principe, nous a confirm\u00e9 un participant.<\/p>\n<p>La maire <a href=\"http:\/\/www.dna.fr\/p\/jeanne-barseghian\" target=\"_blank\" rel=\"nofollow noopener\">Jeanne Barseghian<\/a> souhaite par ailleurs associer \u00e0 cette d\u00e9lib\u00e9ration le d\u00e9blocage d\u2019une premi\u00e8re aide d\u2019urgence et humanitaire. \u00c0 moyen et long termes, des initiatives citoyennes, sportives ou culturelles, <a href=\"https:\/\/www.dna.fr\/culture-loisirs\/2025\/05\/23\/projet-de-jumelage-entre-strasbourg-et-aida-des-passerelles-culturelles-preexistantes\" target=\"_blank\" rel=\"nofollow noopener\">\u00e0 l\u2019image de ce qui a d\u00e9j\u00e0 eu lieu avec Musica<\/a> , pourraient \u00eatre favoris\u00e9es, a-t-elle ajout\u00e9. L\u2019accueil d\u2019enfants d\u2019Aida \u00e0 Strasbourg est \u00e9galement une possibilit\u00e9. L\u2019adjointe V\u00e9ronique Bertholle, dont le s\u00e9jour sur place avait \u00e9t\u00e9 emp\u00each\u00e9 par les autorit\u00e9s isra\u00e9liennes en avril, devrait pouvoir finalement s\u2019y rendre prochainement, des discussions sont en tout cas en cours avec le Quai d\u2019Orsay pour d\u00e9bloquer la situation.<\/p>\n","protected":false},"excerpt":{"rendered":"Si les relations avec le camp palestinien d\u2019Aida, situ\u00e9 non loin de Bethl\u00e9em, en Cisjordanie, sont anciennes et&hellip;\n","protected":false},"author":2,"featured_media":125538,"comment_status":"","ping_status":"","sticky":false,"template":"","format":"standard","meta":{"footnotes":""},"categories":[2820],"tags":[1111,11,2389,2649,1984,3206,2880,1777,674,107,1011,27,775,12,316,25,640,2879],"class_list":{"0":"post-125537","1":"post","2":"type-post","3":"status-publish","4":"format-standard","5":"has-post-thumbnail","7":"category-strasbourg","8":"tag-actu","9":"tag-actualites","10":"tag-alsace","11":"tag-bas-rhin","12":"tag-conseil-municipal","13":"tag-defense-guerre-conflit","14":"tag-edition-strasbourg","15":"tag-eu","16":"tag-europe","17":"tag-fil-info","18":"tag-fr","19":"tag-france","20":"tag-grand-est","21":"tag-news","22":"tag-politique","23":"tag-republique-francaise","24":"tag-strasbourg","25":"tag-strasbourg-ville"},"share_on_mastodon":{"url":"https:\/\/pubeurope.com\/@fr\/114565125438990875","error":""},"_links":{"self":[{"href":"https:\/\/www.europesays.com\/fr\/wp-json\/wp\/v2\/posts\/125537","targetHints":{"allow":["GET"]}}],"collection":[{"href":"https:\/\/www.europesays.com\/fr\/wp-json\/wp\/v2\/posts"}],"about":[{"href":"https:\/\/www.europesays.com\/fr\/wp-json\/wp\/v2\/types\/post"}],"author":[{"embeddable":true,"href":"https:\/\/www.europesays.com\/fr\/wp-json\/wp\/v2\/users\/2"}],"replies":[{"embeddable":true,"href":"https:\/\/www.europesays.com\/fr\/wp-json\/wp\/v2\/comments?post=125537"}],"version-history":[{"count":0,"href":"https:\/\/www.europesays.com\/fr\/wp-json\/wp\/v2\/posts\/125537\/revisions"}],"wp:featuredmedia":[{"embeddable":true,"href":"https:\/\/www.europesays.com\/fr\/wp-json\/wp\/v2\/media\/125538"}],"wp:attachment":[{"href":"https:\/\/www.europesays.com\/fr\/wp-json\/wp\/v2\/media?parent=125537"}],"wp:term":[{"taxonomy":"category","embeddable":true,"href":"https:\/\/www.europesays.com\/fr\/wp-json\/wp\/v2\/categories?post=125537"},{"taxonomy":"post_tag","embeddable":true,"href":"https:\/\/www.europesays.com\/fr\/wp-json\/wp\/v2\/tags?post=125537"}],"curies":[{"name":"wp","href":"https:\/\/api.w.org\/{rel}","templated":true}]}}