{"id":125539,"date":"2025-05-24T22:17:09","date_gmt":"2025-05-24T22:17:09","guid":{"rendered":"https:\/\/www.europesays.com\/fr\/125539\/"},"modified":"2025-05-24T22:17:09","modified_gmt":"2025-05-24T22:17:09","slug":"tous-les-qualifies-pour-les-differentes-coupes-deurope-la-saison-prochaine","status":"publish","type":"post","link":"https:\/\/www.europesays.com\/fr\/125539\/","title":{"rendered":"tous les qualifi\u00e9s pour les diff\u00e9rentes Coupes d&rsquo;Europe la saison prochaine"},"content":{"rendered":"<p>La victoire du PSG fait des heureux. Si les Parisiens continuent leur razzia sur le plan national, <a href=\"https:\/\/rmcsport.bfmtv.com\/football\/coupe-de-france\/direct-coupe-de-france-suivez-la-finale-psg-reims-en-live_LS-202505240145.html\" rel=\"nofollow noopener\" target=\"_blank\" data-ylk=\"slk:en s&#039;octroyant la Coupe de France face \u00e0 Reims ce samedi (3-0);elm:context_link;itc:0;sec:content-canvas\" class=\"link \">en s&rsquo;octroyant la Coupe de France face \u00e0 Reims ce samedi (3-0)<\/a>, apr\u00e8s avoir d\u00e9j\u00e0 mis la main sur le Troph\u00e9e des champions et le championnat &#8211; et en attendant mieux la semaine prochaine? &#8211; ils font le bonheur de deux autres clubs de Ligue 1, \u00e0 commencer par l&rsquo;OL.<\/p>\n<p>6es du championnat, <a href=\"https:\/\/rmcsport.bfmtv.com\/football\/ligue-1\/direct-ligue-1-suivez-le-multiplex-de-la-34e-et-derniere-journee-de-championnat-en-live_LS-202505170194.html\" rel=\"nofollow noopener\" target=\"_blank\" data-ylk=\"slk:les Lyonnais \u00e9taient a minima qualifi\u00e9s pour les barrages de Ligue Europa Conference;elm:context_link;itc:0;sec:content-canvas\" class=\"link \">les Lyonnais \u00e9taient a minima qualifi\u00e9s pour les barrages de Ligue Europa Conference<\/a>. Mais le vainqueur de la Coupe de France \u00e9tant d\u00e9j\u00e0 qualifi\u00e9 en Coupe d&rsquo;Europe (le PSG en Ligue des champions), le ticket direct pour la Ligue Europa revient aux Rhodaniens. L&rsquo;OL rejoint donc Lille en C3, alors que Strasbourg, 7e de Ligue 1 et grand perdant via la voie de la Ligue 1, se consolera quand m\u00eame avec un barrage de Ligue Europa Conference \u00e0 disputer.<\/p>\n<p>La France aura donc sept repr\u00e9sentants en Europe la saison prochaine, puisque le PSG, Marseille et Monaco sont directement qualifi\u00e9s pour la phase de ligue de la C1, alors que Nice devra disputer deux tours de qualification pour esp\u00e9rer les rejoindre.<\/p>\n<p>Le bilan des clubs fran\u00e7ais qualifi\u00e9s pour les Coupes d&rsquo;Europe<\/p>\n<p><b>Ligue des champions (phase de ligue): <\/b>PSG, Marseille, Monaco<\/p>\n<p><b>Ligue des champions (3e tour pr\u00e9liminaire): <\/b>OGC Nice<\/p>\n<p><b>Ligue Europa (phase de ligue): <\/b>Lille, Lyon<\/p>\n<p><b>Ligue Europa Conference (barrages)<\/b>: Strasbourg<\/p>\n<p><a href=\"https:\/\/rmcsport.bfmtv.com\/football\/ligue-des-champions\/psg-om-ol-strasbourg-tous-les-qualifies-pour-les-differentes-coupes-d-europe-la-saison-prochaine_AV-202505240395.html#xtor=AL-68\" rel=\"nofollow noopener\" target=\"_blank\" data-ylk=\"slk:Article original publi\u00e9 sur RMC Sport;elm:context_link;itc:0;sec:content-canvas\" class=\"link \">Article original publi\u00e9 sur RMC Sport<\/a><\/p>\n","protected":false},"excerpt":{"rendered":"La victoire du PSG fait des heureux. Si les Parisiens continuent leur razzia sur le plan national, en&hellip;\n","protected":false},"author":2,"featured_media":125540,"comment_status":"","ping_status":"","sticky":false,"template":"","format":"standard","meta":{"footnotes":""},"categories":[2820],"tags":[1111,11,1777,674,1011,27,775,447,5843,1307,2428,3127,12,2268,93,4243,25,640],"class_list":{"0":"post-125539","1":"post","2":"type-post","3":"status-publish","4":"format-standard","5":"has-post-thumbnail","7":"category-strasbourg","8":"tag-actu","9":"tag-actualites","10":"tag-eu","11":"tag-europe","12":"tag-fr","13":"tag-france","14":"tag-grand-est","15":"tag-ligue-des-champions","16":"tag-ligue-europa","17":"tag-lille","18":"tag-lyon","19":"tag-monaco","20":"tag-news","21":"tag-ogc-nice","22":"tag-psg","23":"tag-reims","24":"tag-republique-francaise","25":"tag-strasbourg"},"share_on_mastodon":{"url":"https:\/\/pubeurope.com\/@fr\/114565129412253966","error":""},"_links":{"self":[{"href":"https:\/\/www.europesays.com\/fr\/wp-json\/wp\/v2\/posts\/125539","targetHints":{"allow":["GET"]}}],"collection":[{"href":"https:\/\/www.europesays.com\/fr\/wp-json\/wp\/v2\/posts"}],"about":[{"href":"https:\/\/www.europesays.com\/fr\/wp-json\/wp\/v2\/types\/post"}],"author":[{"embeddable":true,"href":"https:\/\/www.europesays.com\/fr\/wp-json\/wp\/v2\/users\/2"}],"replies":[{"embeddable":true,"href":"https:\/\/www.europesays.com\/fr\/wp-json\/wp\/v2\/comments?post=125539"}],"version-history":[{"count":0,"href":"https:\/\/www.europesays.com\/fr\/wp-json\/wp\/v2\/posts\/125539\/revisions"}],"wp:featuredmedia":[{"embeddable":true,"href":"https:\/\/www.europesays.com\/fr\/wp-json\/wp\/v2\/media\/125540"}],"wp:attachment":[{"href":"https:\/\/www.europesays.com\/fr\/wp-json\/wp\/v2\/media?parent=125539"}],"wp:term":[{"taxonomy":"category","embeddable":true,"href":"https:\/\/www.europesays.com\/fr\/wp-json\/wp\/v2\/categories?post=125539"},{"taxonomy":"post_tag","embeddable":true,"href":"https:\/\/www.europesays.com\/fr\/wp-json\/wp\/v2\/tags?post=125539"}],"curies":[{"name":"wp","href":"https:\/\/api.w.org\/{rel}","templated":true}]}}