{"id":125541,"date":"2025-05-24T22:18:11","date_gmt":"2025-05-24T22:18:11","guid":{"rendered":"https:\/\/www.europesays.com\/fr\/125541\/"},"modified":"2025-05-24T22:18:11","modified_gmt":"2025-05-24T22:18:11","slug":"la-ville-a-tranche-on-sait-ce-que-va-devenir-la-villa-paradiso-a-nice-abandonnee-depuis-une-quinzaine-dannees","status":"publish","type":"post","link":"https:\/\/www.europesays.com\/fr\/125541\/","title":{"rendered":"La Ville a tranch\u00e9, on sait ce que va devenir la Villa Paradiso \u00e0 Nice abandonn\u00e9e depuis une quinzaine d&rsquo;ann\u00e9es"},"content":{"rendered":"<p>Alea jacta est. Laiss\u00e9e en friche depuis une quinzaine d\u2019ann\u00e9es, la Villa Paradiso \u2013 embl\u00e9matique b\u00e2tisse Belle \u00c9poque de Cimiez construite en 1881 \u2013 sera transform\u00e9e en mus\u00e9e d\u2019art contemporain. Le conseil municipal doit encore voter ce vendredi 23 mai, une formalit\u00e9.<\/p>\n<p>\u00ab\u00a0Le projet pr\u00e9sent\u00e9 par le Docteur Massini, collectionneur de 450 \u0153uvres d\u2019art contemporain, permettra au public de disposer d\u2019un nouveau p\u00f4le culturel, situ\u00e9 entre le MAMAC et les mus\u00e9es Chagall, Matisse et d\u2019arch\u00e9ologie. Il deviendra un \u00e9l\u00e9ment majeur de la valorisation et de l\u2019attractivit\u00e9 du quartier de Cimiez\u00a0\u00bb, explique le maire de Nice, Christian Estrosi, dans un communiqu\u00e9. <a href=\"https:\/\/www.nicematin.com\/politique\/implantation-a-la-villa-paradiso-l-institut-russe-serge-rachmaninoff-evince-accuse-la-ville-de-nice-qui-se-defend-986854?t=1747917128\" rel=\"nofollow noopener\" target=\"_blank\">Exit, donc, le projet concurrent du conservatoire Rachmaninoff de Paris<\/a>.<\/p>\n<p>2 millions d\u2019euros de travaux<\/p>\n<p>La Villa Paradiso, inscrite avec son jardin au titre des monuments historiques depuis 2021, sera dans un premier temps remise en \u00e9tat, avec \u00e0 la baguette Antoine Madelenat, architecte en chef des monuments historiques dans les Alpes-Maritimes, et Marc Barani pour la sc\u00e9nographie. Au programme, \u00ab\u00a0r\u00e9habilitation des int\u00e9rieurs avec conservation des d\u00e9cors int\u00e9rieurs et conservation de l\u2019\u00e9paisseur historique, en laissant entrevoir l\u2019opulente d\u00e9coration du XIXe si\u00e8cle\u00a0\u00bb, pr\u00e9cise les services de la Ville. Un ascenseur sera cr\u00e9\u00e9, et l\u2019auditorium \u00ab\u00a0restructur\u00e9\u00a0\u00bb. Comptez 2 millions d\u2019euros.<\/p>\n<p>\u00c0 l\u2019int\u00e9rieur, plusieurs espaces sont pr\u00e9vus \u00ab\u00a0si le conseil municipal accepte le projet\u00a0\u00bb, pr\u00e9cise prudemment le neurochirurgien ni\u00e7ois Bernard Massini, tr\u00e8s heureux \u00e0 l\u2019id\u00e9e de partager enfin sa collection personnelle, qui compte quelque 450 \u0153uvres d\u2019art contemporain.<\/p>\n<p>Le rez-de-chauss\u00e9e sera d\u00e9di\u00e9 \u00e0 l\u2019art contemporain, avec essentiellement des sculptures ou des installations, \u00ab\u00a0car on ne peut rien accrocher aux murs, il y a des \u00e9l\u00e9ments de d\u00e9corations class\u00e9s\u00a0\u00bb.<\/p>\n<p>Des glaces artistiques artisanales<\/p>\n<p>Un espace sera consacr\u00e9 au salon de th\u00e9\/caf\u00e9t\u00e9ria, qui donnera sur la terrasse, avec \u00e0 la vente des \u00ab\u00a0glaces artistiques artisanales, quelque chose de tr\u00e8s original pour travailler sur le go\u00fbt\u00a0\u00bb, d\u00e9taille-t-il. Il y aura \u00e9galement \u00ab\u00a0un petit environnement de syncin\u00e9sie audio-olfactive, c\u2019est-\u00e0-dire mettre en rapport la musique, \u00e0 laquelle je suis extr\u00eamement attach\u00e9e \u2013 je suis moi-m\u00eame batteur \u2013 et le parfum, dans une perspective multisensorielle.\u00a0\u00bb<\/p>\n<p>Le premier \u00e9tage, lui, sera d\u00e9di\u00e9 \u00e0 la peinture, la photographie et au dessin. \u00ab\u00a0Pas seulement ma collection, je veux inviter d\u2019autres collectionneurs, demander des pr\u00eats \u00e0 d\u2019autres mus\u00e9es pour des expositions th\u00e9matiques\u00a0\u00bb, s\u2019enthousiasme-t-il.<\/p>\n<p>Et au deuxi\u00e8me \u00e9tage, il y aura les bureaux et une r\u00e9sidence d\u2019artistes, pour r\u00e9fl\u00e9chir notamment autour du processus cr\u00e9atif. \u00ab\u00a0Savoir comment un cerveau peut g\u00e9n\u00e9rer la cr\u00e9ation, c\u2019est ce qui m\u2019a toujours anim\u00e9 dans la vie. Et \u00e0 71 ans, j\u2019ai toujours rien compris, pourtant j\u2019en ai ouvert des cerveaux\u00a0\u00bb, plaisante le neurochirurgien.<\/p>\n<p>Enfin, l\u2019auditorium accueillera trois expositions d\u2019arts immersives par an. \u00ab\u00a0Mais il y aura aussi des conf\u00e9rences, des lectures, et des petits concerts intimistes.\u00a0\u00bb Et dans le jardin, des sculptures devraient \u00eatre install\u00e9es.<\/p>\n<p>La Villa Paradiso va-t-elle changer de nom? Que nenni. \u00ab\u00a0Je ne veux pas de \u2018\u2018fondation Massini\u2019\u2019 ou autre, je n\u2019ai pas besoin de spotlight\u00a0\u00bb, assure Bernard Massini. \u00ab\u00a0Et je ne veux pas que ce soit un projet \u00e9litiste, je veux que ce soit ouvert, singuli\u00e8rement pour les enfants. La transmission, c\u2019est tr\u00e8s important pour moi.\u00a0\u00bb<\/p>\n<p>Quel financement?<\/p>\n<p>&#8211; Une SAS (soci\u00e9t\u00e9 par actions simplifi\u00e9es) va \u00eatre cr\u00e9\u00e9e, dont Bernard Massini sera le pr\u00e9sident, et Olivier Kaeppelin, directeur de la Fondation Maeght de 2011 \u00e0 2017, conseiller artistique.<\/p>\n<p>&#8211; Deux millions d\u2019euros de travaux sont pr\u00e9vus, pris en charge int\u00e9gralement par le docteur Massini, qui a pr\u00e9vu de mettre au total 2.500.000 euros sur la table. \u00ab\u00a0Un remboursement progressif aura lieu en fonction des performances du mus\u00e9e et uniquement si le fonds de roulement est suffisant\u00a0\u00bb, pr\u00e9cise la Ville. \u00ab\u00a0Si le mus\u00e9e ne fait pas de pertes, petit \u00e0 petit, je serai rembours\u00e9\u00a0\u00bb, explique Bernard Cassini.<\/p>\n<p>&#8211; Un bail emphyt\u00e9otique sera sign\u00e9 avec la SAS, laquelle devra verser des annuit\u00e9s de 160.000 euros \u00e0 la Ville.<\/p>\n<p>&#8211; Une date d\u2019ouverture? \u00ab\u00a0Si tout va bien, en juin 2027\u00a0\u00bb, esp\u00e8re le neurochirurgien. Et la fr\u00e9quentation? 40.000 \u00e0 50.000 visiteurs par an sont attendus les trois premi\u00e8res ann\u00e9es, pr\u00e9cise la Ville. Avec un objectif \u00e0 long terme de 60.000 \u00e0 80.000 visiteurs annuels.<\/p>\n","protected":false},"excerpt":{"rendered":"Alea jacta est. Laiss\u00e9e en friche depuis une quinzaine d\u2019ann\u00e9es, la Villa Paradiso \u2013 embl\u00e9matique b\u00e2tisse Belle \u00c9poque&hellip;\n","protected":false},"author":2,"featured_media":125542,"comment_status":"","ping_status":"","sticky":false,"template":"","format":"standard","meta":{"footnotes":""},"categories":[2819],"tags":[1111,11,1777,674,1011,27,12,2401,882,25,3366],"class_list":{"0":"post-125541","1":"post","2":"type-post","3":"status-publish","4":"format-standard","5":"has-post-thumbnail","7":"category-nice","8":"tag-actu","9":"tag-actualites","10":"tag-eu","11":"tag-europe","12":"tag-fr","13":"tag-france","14":"tag-news","15":"tag-nice","16":"tag-provence-alpes-cote-dazur","17":"tag-republique-francaise","18":"tag-vie-locale"},"share_on_mastodon":{"url":"https:\/\/pubeurope.com\/@fr\/114565133431264636","error":""},"_links":{"self":[{"href":"https:\/\/www.europesays.com\/fr\/wp-json\/wp\/v2\/posts\/125541","targetHints":{"allow":["GET"]}}],"collection":[{"href":"https:\/\/www.europesays.com\/fr\/wp-json\/wp\/v2\/posts"}],"about":[{"href":"https:\/\/www.europesays.com\/fr\/wp-json\/wp\/v2\/types\/post"}],"author":[{"embeddable":true,"href":"https:\/\/www.europesays.com\/fr\/wp-json\/wp\/v2\/users\/2"}],"replies":[{"embeddable":true,"href":"https:\/\/www.europesays.com\/fr\/wp-json\/wp\/v2\/comments?post=125541"}],"version-history":[{"count":0,"href":"https:\/\/www.europesays.com\/fr\/wp-json\/wp\/v2\/posts\/125541\/revisions"}],"wp:featuredmedia":[{"embeddable":true,"href":"https:\/\/www.europesays.com\/fr\/wp-json\/wp\/v2\/media\/125542"}],"wp:attachment":[{"href":"https:\/\/www.europesays.com\/fr\/wp-json\/wp\/v2\/media?parent=125541"}],"wp:term":[{"taxonomy":"category","embeddable":true,"href":"https:\/\/www.europesays.com\/fr\/wp-json\/wp\/v2\/categories?post=125541"},{"taxonomy":"post_tag","embeddable":true,"href":"https:\/\/www.europesays.com\/fr\/wp-json\/wp\/v2\/tags?post=125541"}],"curies":[{"name":"wp","href":"https:\/\/api.w.org\/{rel}","templated":true}]}}