{"id":125563,"date":"2025-05-24T22:31:08","date_gmt":"2025-05-24T22:31:08","guid":{"rendered":"https:\/\/www.europesays.com\/fr\/125563\/"},"modified":"2025-05-24T22:31:08","modified_gmt":"2025-05-24T22:31:08","slug":"lyon-et-strasbourg-en-coupe-deurope-la-saison-prochaine-les-consequences-de-la-victoire-parisienne-en-coupe-de-france","status":"publish","type":"post","link":"https:\/\/www.europesays.com\/fr\/125563\/","title":{"rendered":"Lyon et Strasbourg en Coupe d\u2019Europe la saison prochaine&#8230; Les cons\u00e9quences de la victoire parisienne en Coupe de France"},"content":{"rendered":"<p>Vainqueur de la Coupe de France, contre le Stade de Reims (3-0), le PSG a chang\u00e9 le destin d\u2019autres clubs qui disputeront les comp\u00e9titions europ\u00e9ennes la saison prochaine.<\/p>\n<p class=\"fig-paragraph\">Une victoire qui fait les affaires des autres. Vainqueur facile en finale de Coupe de France ce samedi contre le stade de Reims, le\u00a0<a href=\"http:\/\/www.lefigaro.fr\/sports\/football\/coupe-de-france\/coupe-de-france-le-ticket-barcola-doue-inspire-neves-omnipresent-diouf-surnage-les-notes-de-la-finale-psg-reims-20250524\" data-fig-type=\"NewsFlash\" data-gtm-custom-categorie=\"navigation\" data-gtm-custom-action=\"crossclick\" data-gtm-custom-label=\"Contextuel\" data-gtm-event=\"customEventSPE\" data-fig-domain=\"LEFIGARO\" target=\"_blank\" rel=\"noopener\">PSG<\/a>\u00a0conclut sa saison sur le plan national de la plus belle des mani\u00e8res.<\/p>\n<p class=\"fig-paragraph\">Un titre \u00e9galement synonyme de changements au classement de Ligue 1. Le PSG champion de France, d\u00e9j\u00e0 en C1 la saison prochaine et d\u00e9sormais avec la Coupe de France empoch\u00e9e, une place pour la Ligue Europa se lib\u00e8re ainsi pour le 6e du championnat, puisque le vainqueur du plus vieux troph\u00e9e fran\u00e7ais bascule directement pour la C3 la saison suivante.<\/p>\n<p class=\"fig-paragraph\">C\u2019est la raison pour laquelle, l\u2019<a href=\"http:\/\/www.lefigaro.fr\/sports\/football\/ligue-europa\/ligue-europa-l-olympique-lyonnais-reve-d-une-nuit-d-ivresse-a-manchester-20250416\" data-fig-type=\"Article\" data-gtm-custom-categorie=\"navigation\" data-gtm-custom-action=\"crossclick\" data-gtm-custom-label=\"Contextuel\" data-gtm-event=\"customEventSPE\" data-fig-domain=\"LEFIGARO\" target=\"_blank\" rel=\"noopener\">Olympique Lyonnais<\/a>\u00a0jusqu\u2019ici qualifi\u00e9 en Ligue Europa Conf\u00e9rence jouera finalement en 2025-2026, la Ligue Europa et que\u00a0<a href=\"http:\/\/www.lefigaro.fr\/sports\/football\/ligue-1\/ligue-1-contre-le-rc-strasbourg-alsace-matthis-abline-doit-saisir-sa-chance-20231006\" data-fig-type=\"Article\" data-gtm-custom-categorie=\"navigation\" data-gtm-custom-action=\"crossclick\" data-gtm-custom-label=\"Contextuel\" data-gtm-event=\"customEventSPE\" data-fig-domain=\"LEFIGARO\" target=\"_blank\" rel=\"noopener\">Strasbourg<\/a>\u00a07e de Ligue 1 disputera une comp\u00e9tition europ\u00e9enne et h\u00e9ritera du tour pr\u00e9liminaire de C4.<\/p>\n<p class=\"fig-paragraph\">Enfin, la prochaine affiche du troph\u00e9e des Champions est d\u00e9j\u00e0 connue, et il s\u2019agira d\u2019un Classique PSG-OM, pour le plus grand plaisir des supporters des deux clubs.<\/p>\n","protected":false},"excerpt":{"rendered":"Vainqueur de la Coupe de France, contre le Stade de Reims (3-0), le PSG a chang\u00e9 le destin&hellip;\n","protected":false},"author":2,"featured_media":125564,"comment_status":"","ping_status":"","sticky":false,"template":"","format":"standard","meta":{"footnotes":""},"categories":[1889],"tags":[1111,11,2430,525,1981,615,83,814,1777,674,2257,63,1011,27,2428,955,12,978,93,4448,25,1980],"class_list":{"0":"post-125563","1":"post","2":"type-post","3":"status-publish","4":"format-standard","5":"has-post-thumbnail","7":"category-lyon","8":"tag-actu","9":"tag-actualites","10":"tag-auvergne-rhone-alpes","11":"tag-calendrier","12":"tag-classement","13":"tag-coupe","14":"tag-coupe-de-france","15":"tag-direct","16":"tag-eu","17":"tag-europe","18":"tag-foot","19":"tag-football","20":"tag-fr","21":"tag-france","22":"tag-lyon","23":"tag-match","24":"tag-news","25":"tag-olympique-lyonnais","26":"tag-psg","27":"tag-rc-strasbourg","28":"tag-republique-francaise","29":"tag-resultats"},"share_on_mastodon":{"url":"https:\/\/pubeurope.com\/@fr\/114565184580604211","error":""},"_links":{"self":[{"href":"https:\/\/www.europesays.com\/fr\/wp-json\/wp\/v2\/posts\/125563","targetHints":{"allow":["GET"]}}],"collection":[{"href":"https:\/\/www.europesays.com\/fr\/wp-json\/wp\/v2\/posts"}],"about":[{"href":"https:\/\/www.europesays.com\/fr\/wp-json\/wp\/v2\/types\/post"}],"author":[{"embeddable":true,"href":"https:\/\/www.europesays.com\/fr\/wp-json\/wp\/v2\/users\/2"}],"replies":[{"embeddable":true,"href":"https:\/\/www.europesays.com\/fr\/wp-json\/wp\/v2\/comments?post=125563"}],"version-history":[{"count":0,"href":"https:\/\/www.europesays.com\/fr\/wp-json\/wp\/v2\/posts\/125563\/revisions"}],"wp:featuredmedia":[{"embeddable":true,"href":"https:\/\/www.europesays.com\/fr\/wp-json\/wp\/v2\/media\/125564"}],"wp:attachment":[{"href":"https:\/\/www.europesays.com\/fr\/wp-json\/wp\/v2\/media?parent=125563"}],"wp:term":[{"taxonomy":"category","embeddable":true,"href":"https:\/\/www.europesays.com\/fr\/wp-json\/wp\/v2\/categories?post=125563"},{"taxonomy":"post_tag","embeddable":true,"href":"https:\/\/www.europesays.com\/fr\/wp-json\/wp\/v2\/tags?post=125563"}],"curies":[{"name":"wp","href":"https:\/\/api.w.org\/{rel}","templated":true}]}}