{"id":125569,"date":"2025-05-24T22:35:10","date_gmt":"2025-05-24T22:35:10","guid":{"rendered":"https:\/\/www.europesays.com\/fr\/125569\/"},"modified":"2025-05-24T22:35:10","modified_gmt":"2025-05-24T22:35:10","slug":"golden-hour-sur-le-rooftop-du-peninsula-paris","status":"publish","type":"post","link":"https:\/\/www.europesays.com\/fr\/125569\/","title":{"rendered":"Golden Hour sur le rooftop du Peninsula Paris"},"content":{"rendered":"<p style=\"font-weight: 400;\">Le rooftop du Peninsula Paris s\u2019ouvre \u00e0 nouveau pour une saison estivale empreinte de po\u00e9sie. Perch\u00e9 au sommet du palace, \u00ab\u00a0l\u2019heure dor\u00e9e\u00a0\u00bb propose une exp\u00e9rience unique m\u00ealant gastronomie, cocktails et vue imprenable sur les monuments parisiens.<\/p>\n<p><img fetchpriority=\"high\" decoding=\"async\" class=\"size-medium wp-image-82653\" src=\"https:\/\/www.europesays.com\/fr\/wp-content\/uploads\/2025\/05\/Visuels-Rooftop-Peninsula-Paris-2025-4-Petite-300x200.jpeg\" alt=\"\" width=\"300\" height=\"200\"  \/>La vue imprenable depuis le rooftop du Peninsula Paris<br \/>\nUn jardin suspendu au c\u0153ur de Paris<\/p>\n<p style=\"font-weight: 400;\">D\u00e8s le mois de mai, le rooftop du<a href=\"https:\/\/www.peninsula.com\/fr\/paris\/hotel-fine-dining\/le-rooftop\" target=\"_blank\" rel=\"noopener nofollow\"> Peninsula Paris<\/a> rouvre ses portes, invitant les visiteurs \u00e0 une escapade sensorielle au-dessus de l\u2019agitation urbaine.\u00a0Nich\u00e9 au sixi\u00e8me \u00e9tage de l\u2019h\u00f4tel, cet espace offre une vue panoramique sur les joyaux architecturaux de la capitale, de la tour Eiffel au Sacr\u00e9-C\u0153ur.\u00a0Le d\u00e9cor cr\u00e9e une atmosph\u00e8re paisible et romantique, id\u00e9ale pour savourer les longues soir\u00e9es d\u2019\u00e9t\u00e9.<\/p>\n<p><img loading=\"lazy\" decoding=\"async\" class=\"wp-image-82663 size-medium perfmatters-lazy\" alt=\"Golden Hour sur le rooftop du Peninsula Paris\" width=\"200\" height=\"300\" src=\"https:\/\/www.europesays.com\/fr\/wp-content\/uploads\/2025\/05\/nosiuol-29qzifjmP34-unsplash-200x300.jpg\"  data-\/>Golden Hour sur le rooftop du Peninsula Paris<br \/>\nDes saveurs estivales \u00e0 partager<\/p>\n<p style=\"font-weight: 400;\">Sous la direction du chef doublement \u00e9toil\u00e9 David Bizet, le rooftop propose une carte de petits plats sal\u00e9s \u00e0 partager ou pas, mettant \u00e0 l\u2019honneur les produits de saison et les inspirations du moment. Parmi les d\u00e9lices propos\u00e9s: lobster roll \u00e0 la flamme et pourquoi pas se laisser vous tenter par le caviar roll.<\/p>\n<p><img loading=\"lazy\" decoding=\"async\" class=\"size-medium wp-image-82659 perfmatters-lazy\" alt=\"Golden Hour sur le rooftop du Peninsula Paris\" width=\"300\" height=\"200\" src=\"https:\/\/www.europesays.com\/fr\/wp-content\/uploads\/2025\/05\/gang-hao-OL47i7_nnyE-unsplash-300x200.jpg\"  data-\/>Golden Hour sur le rooftop du Peninsula Paris<br \/>\nCocktails et whisky \u00e9cossais<\/p>\n<p style=\"font-weight: 400;\">Cette ann\u00e9e, <a href=\"https:\/\/www.themacallan.com\/fr-fr\" target=\"_blank\" rel=\"noopener nofollow\">The Macallan<\/a>, le c\u00e9l\u00e8bre whisky \u00e9cossais, est \u00e0 l\u2019honneur. Les amateurs pourront confondre les couleurs dor\u00e9es de ce breuvage aux rayons de la golden hour sur le son de la playlist Belle \u00c9poque du duo de DJ\u2019s \u00ab Bon entendeur \u00bb.<\/p>\n<p><img loading=\"lazy\" decoding=\"async\" class=\"size-medium wp-image-82652 perfmatters-lazy\" alt=\"\" width=\"300\" height=\"206\" src=\"https:\/\/www.europesays.com\/fr\/wp-content\/uploads\/2025\/05\/Visuels-Rooftop-Peninsula-Paris-2025-1-Grande-300x206.jpeg\"  data-\/>Le bar du rooftop du Peninsula Paris<\/p>\n<p style=\"font-weight: 400;\">Un programme qui s\u2019annonce riche en \u00e9motions.<\/p>\n<p>Informations pratiques<\/p>\n<ul style=\"font-weight: 400;\">\n<li><strong>Horaires d\u2019ouverture :<\/strong> de 17h00 \u00e0 1h00 du lundi au dimanche;<\/li>\n<li><strong>Service de restauration :<\/strong> petits plats \u00e0 partager \u00e0 partir de 30 euros disponibles de 18h00 \u00e0 22h30;<\/li>\n<li><strong>R\u00e9servations :<\/strong> non accept\u00e9es pour le rooftop;<\/li>\n<li><strong>Tenue vestimentaire :<\/strong> chic et \u00e9l\u00e9gante;<\/li>\n<li><strong>Acc\u00e8s :<\/strong>\u00a0ouvert aux clients de l\u2019h\u00f4tel et aux visiteurs ext\u00e9rieurs.<\/li>\n<\/ul>\n","protected":false},"excerpt":{"rendered":"Le rooftop du Peninsula Paris s\u2019ouvre \u00e0 nouveau pour une saison estivale empreinte de po\u00e9sie. Perch\u00e9 au sommet&hellip;\n","protected":false},"author":2,"featured_media":125570,"comment_status":"","ping_status":"","sticky":false,"template":"","format":"standard","meta":{"footnotes":""},"categories":[1888],"tags":[1111,1928,11,1927,1777,674,1011,27,190,12,1926,626,1925,25,10022,24862],"class_list":{"0":"post-125569","1":"post","2":"type-post","3":"status-publish","4":"format-standard","5":"has-post-thumbnail","7":"category-paris","8":"tag-actu","9":"tag-actu-paris","10":"tag-actualites","11":"tag-actualites-paris","12":"tag-eu","13":"tag-europe","14":"tag-fr","15":"tag-france","16":"tag-hotel","17":"tag-news","18":"tag-news-paris","19":"tag-paris","20":"tag-paris-news","21":"tag-republique-francaise","22":"tag-rooftop","23":"tag-the-peninsula"},"share_on_mastodon":{"url":"https:\/\/pubeurope.com\/@fr\/114565200214449830","error":""},"_links":{"self":[{"href":"https:\/\/www.europesays.com\/fr\/wp-json\/wp\/v2\/posts\/125569","targetHints":{"allow":["GET"]}}],"collection":[{"href":"https:\/\/www.europesays.com\/fr\/wp-json\/wp\/v2\/posts"}],"about":[{"href":"https:\/\/www.europesays.com\/fr\/wp-json\/wp\/v2\/types\/post"}],"author":[{"embeddable":true,"href":"https:\/\/www.europesays.com\/fr\/wp-json\/wp\/v2\/users\/2"}],"replies":[{"embeddable":true,"href":"https:\/\/www.europesays.com\/fr\/wp-json\/wp\/v2\/comments?post=125569"}],"version-history":[{"count":0,"href":"https:\/\/www.europesays.com\/fr\/wp-json\/wp\/v2\/posts\/125569\/revisions"}],"wp:featuredmedia":[{"embeddable":true,"href":"https:\/\/www.europesays.com\/fr\/wp-json\/wp\/v2\/media\/125570"}],"wp:attachment":[{"href":"https:\/\/www.europesays.com\/fr\/wp-json\/wp\/v2\/media?parent=125569"}],"wp:term":[{"taxonomy":"category","embeddable":true,"href":"https:\/\/www.europesays.com\/fr\/wp-json\/wp\/v2\/categories?post=125569"},{"taxonomy":"post_tag","embeddable":true,"href":"https:\/\/www.europesays.com\/fr\/wp-json\/wp\/v2\/tags?post=125569"}],"curies":[{"name":"wp","href":"https:\/\/api.w.org\/{rel}","templated":true}]}}