{"id":12557,"date":"2025-04-09T12:02:10","date_gmt":"2025-04-09T12:02:10","guid":{"rendered":"https:\/\/www.europesays.com\/fr\/12557\/"},"modified":"2025-04-09T12:02:10","modified_gmt":"2025-04-09T12:02:10","slug":"plus-de-60-des-departs-de-feux-sont-lies-aux-batteries-au-lithium-et-aux-bouteilles-de-gaz-liberation","status":"publish","type":"post","link":"https:\/\/www.europesays.com\/fr\/12557\/","title":{"rendered":"plus de 60\u00a0% des d\u00e9parts de feux sont li\u00e9s aux batteries au lithium et aux bouteilles de gaz \u2013 Lib\u00e9ration"},"content":{"rendered":"<p class=\"sc-cPiKLX AiZTS text-element\">Le b\u00e2timent est compl\u00e8tement ravag\u00e9. Un centre de d\u00e9chets dans le nord-ouest de Paris, \u00e0 proximit\u00e9 du palais de justice, a pris feu un peu avant 20 heures lundi 7 avril, sans faire de bless\u00e9s. <a href=\"https:\/\/www.liberation.fr\/societe\/en-images-un-impressionnant-incendie-embrase-le-ciel-de-paris-20250407_K43LOYQIZVGKDEI7MFZX5AGI74\/\" target=\"_blank\" rel=\"noopener\">L\u2019incendie<\/a> s\u2019est d\u00e9clar\u00e9 dans les locaux du Syctom, le service public de traitement et de valorisation des d\u00e9chets m\u00e9nagers de 82 communes de la r\u00e9gion parisienne. Plus pr\u00e9cis\u00e9ment, les flammes ont d\u00e9marr\u00e9 dans une zone de stockage interm\u00e9diaire de papiers et cartons, mais l\u2019origine du sinistre reste \u00e0 confirmer, pr\u00e9cise <a href=\"https:\/\/www.syctom-paris.fr\/actualites\/incendie-au-centre-de-tri-du-syctom-a-paris-xvii-aucune-victime-la-continuite-de-service-public-assuree.html\" target=\"_blank\" rel=\"noopener\">un communiqu\u00e9 de presse<\/a> du Syctom.<\/p>\n<p class=\"sc-cPiKLX AiZTS text-element\">Face \u00e0 l\u2019ampleur des volutes de fum\u00e9es noires qui ont survol\u00e9 la capitale, le ministre de l\u2019int\u00e9rieur, Bruno Retailleau, a assur\u00e9 ce mardi 8 avril sur France 2 qu\u2019il \u00abn\u2019y a pas de probl\u00e8me de toxicit\u00e9 de l\u2019air\u00bb, ajoutant y faire \u00abtr\u00e8s tr\u00e8s attention, \u00e9videmment\u00bb. \u00abNous avons des protocoles pour pouvoir suivre ce type de situation et prendre toutes les mesures le cas \u00e9ch\u00e9ant s\u2019il \u00e9tait av\u00e9r\u00e9 qu\u2019il y avait une toxicit\u00e9 dans l\u2019air\u00bb, a de son c\u00f4t\u00e9 affirm\u00e9 la ministre de la Transition \u00e9cologique, Agn\u00e8s Pannier-Runacher, sur BFM TV.<\/p>\n<p class=\"sc-cPiKLX AiZTS text-element\">Sur la m\u00eame cha\u00eene, Corentin Duprey, pr\u00e9sident du Sycto<\/p>\n","protected":false},"excerpt":{"rendered":"Le b\u00e2timent est compl\u00e8tement ravag\u00e9. Un centre de d\u00e9chets dans le nord-ouest de Paris, \u00e0 proximit\u00e9 du palais&hellip;\n","protected":false},"author":2,"featured_media":12558,"comment_status":"","ping_status":"","sticky":false,"template":"","format":"standard","meta":{"footnotes":""},"categories":[4],"tags":[11,2432,1013,1011,27,12,626,3887,25],"class_list":{"0":"post-12557","1":"post","2":"type-post","3":"status-publish","4":"format-standard","5":"has-post-thumbnail","7":"category-france","8":"tag-actualites","9":"tag-agnes-pannier-runacher","10":"tag-bruno-retailleau","11":"tag-fr","12":"tag-france","13":"tag-news","14":"tag-paris","15":"tag-recyclage","16":"tag-republique-francaise"},"share_on_mastodon":{"url":"https:\/\/pubeurope.com\/@fr\/114307907194569006","error":""},"_links":{"self":[{"href":"https:\/\/www.europesays.com\/fr\/wp-json\/wp\/v2\/posts\/12557","targetHints":{"allow":["GET"]}}],"collection":[{"href":"https:\/\/www.europesays.com\/fr\/wp-json\/wp\/v2\/posts"}],"about":[{"href":"https:\/\/www.europesays.com\/fr\/wp-json\/wp\/v2\/types\/post"}],"author":[{"embeddable":true,"href":"https:\/\/www.europesays.com\/fr\/wp-json\/wp\/v2\/users\/2"}],"replies":[{"embeddable":true,"href":"https:\/\/www.europesays.com\/fr\/wp-json\/wp\/v2\/comments?post=12557"}],"version-history":[{"count":0,"href":"https:\/\/www.europesays.com\/fr\/wp-json\/wp\/v2\/posts\/12557\/revisions"}],"wp:featuredmedia":[{"embeddable":true,"href":"https:\/\/www.europesays.com\/fr\/wp-json\/wp\/v2\/media\/12558"}],"wp:attachment":[{"href":"https:\/\/www.europesays.com\/fr\/wp-json\/wp\/v2\/media?parent=12557"}],"wp:term":[{"taxonomy":"category","embeddable":true,"href":"https:\/\/www.europesays.com\/fr\/wp-json\/wp\/v2\/categories?post=12557"},{"taxonomy":"post_tag","embeddable":true,"href":"https:\/\/www.europesays.com\/fr\/wp-json\/wp\/v2\/tags?post=12557"}],"curies":[{"name":"wp","href":"https:\/\/api.w.org\/{rel}","templated":true}]}}