{"id":125577,"date":"2025-05-24T22:39:21","date_gmt":"2025-05-24T22:39:21","guid":{"rendered":"https:\/\/www.europesays.com\/fr\/125577\/"},"modified":"2025-05-24T22:39:21","modified_gmt":"2025-05-24T22:39:21","slug":"ukraine-russie-un-echange-de-prisonniers-sans-precedent-journal-de-20-heures","status":"publish","type":"post","link":"https:\/\/www.europesays.com\/fr\/125577\/","title":{"rendered":"Ukraine-Russie : un \u00e9change de prisonniers sans pr\u00e9c\u00e9dent &#8211; Journal de 20 heures"},"content":{"rendered":"<p id=\"descriptionPanel\" aria-labelledby=\"descriptionArrow\" aria-expanded=\"false\" class=\"mr-2 line-clamp-2 pr-2.5 text-secondary overflow-visible\">Certains \u00e9taient port\u00e9s disparus depuis des ann\u00e9es, et m\u00eame consid\u00e9r\u00e9s comme morts. La Russie et l&rsquo;Ukraine ont proc\u00e9d\u00e9 samedi \u00e0 un nouvel \u00e9change de prisonniers. Ce sont 697 soldats et civils ukrainiens qui sont sortis des prisons russes. L&rsquo;\u00e9change a eu lieu malgr\u00e9 des frappes russes cette nuit sur Kiev. Selon l&rsquo;accord, 300 prisonniers de chaque camp devraient \u00eatre lib\u00e9r\u00e9s dimanche. Des sc\u00e8nes de retrouvailles toujours \u00e9mouvantes ont eu lieu des deux c\u00f4t\u00e9s de la fronti\u00e8re. <\/p>\n<p>TF1 | Reportage C. HUREL, S. POYET<\/p>\n<p><a class=\"shrink-0\" href=\"https:\/\/www.tf1.fr\/tf1\/jt-20h\" target=\"_blank\" rel=\"noopener\"><img decoding=\"async\" src=\"https:\/\/www.europesays.com\/fr\/wp-content\/uploads\/2025\/04\/program-card-portrait-1-jt20h-btcb-f6f521-4e55c9-0@1x.jpg\" width=\"138\" height=\"184\" alt=\"\" loading=\"eager\" fetchpriority=\"auto\" class=\"aspect-[3\/4] h-24 w-auto rounded-3px\" aria-hidden=\"true\"\/><\/a><\/p>\n","protected":false},"excerpt":{"rendered":"Certains \u00e9taient port\u00e9s disparus depuis des ann\u00e9es, et m\u00eame consid\u00e9r\u00e9s comme morts. La Russie et l&rsquo;Ukraine ont proc\u00e9d\u00e9&hellip;\n","protected":false},"author":2,"featured_media":125578,"comment_status":"","ping_status":"","sticky":false,"template":"","format":"standard","meta":{"footnotes":""},"categories":[1590],"tags":[11,1777,674,3483,3697,3699,3698,12,3701,220,3702,3700],"class_list":{"0":"post-125577","1":"post","2":"type-post","3":"status-publish","4":"format-standard","5":"has-post-thumbnail","7":"category-ukraine","8":"tag-actualites","9":"tag-eu","10":"tag-europe","11":"tag-extrait","12":"tag-extrait-journal-de-20-heures","13":"tag-journal-de-20-heures","14":"tag-journal-de-20-heures-extrait","15":"tag-news","16":"tag-streaming-journal-de-20-heures","17":"tag-ukraine","18":"tag-video-en-streaming-journal-de-20-heures","19":"tag-video-journal-de-20-heures"},"share_on_mastodon":{"url":"https:\/\/pubeurope.com\/@fr\/114565216748209660","error":""},"_links":{"self":[{"href":"https:\/\/www.europesays.com\/fr\/wp-json\/wp\/v2\/posts\/125577","targetHints":{"allow":["GET"]}}],"collection":[{"href":"https:\/\/www.europesays.com\/fr\/wp-json\/wp\/v2\/posts"}],"about":[{"href":"https:\/\/www.europesays.com\/fr\/wp-json\/wp\/v2\/types\/post"}],"author":[{"embeddable":true,"href":"https:\/\/www.europesays.com\/fr\/wp-json\/wp\/v2\/users\/2"}],"replies":[{"embeddable":true,"href":"https:\/\/www.europesays.com\/fr\/wp-json\/wp\/v2\/comments?post=125577"}],"version-history":[{"count":0,"href":"https:\/\/www.europesays.com\/fr\/wp-json\/wp\/v2\/posts\/125577\/revisions"}],"wp:featuredmedia":[{"embeddable":true,"href":"https:\/\/www.europesays.com\/fr\/wp-json\/wp\/v2\/media\/125578"}],"wp:attachment":[{"href":"https:\/\/www.europesays.com\/fr\/wp-json\/wp\/v2\/media?parent=125577"}],"wp:term":[{"taxonomy":"category","embeddable":true,"href":"https:\/\/www.europesays.com\/fr\/wp-json\/wp\/v2\/categories?post=125577"},{"taxonomy":"post_tag","embeddable":true,"href":"https:\/\/www.europesays.com\/fr\/wp-json\/wp\/v2\/tags?post=125577"}],"curies":[{"name":"wp","href":"https:\/\/api.w.org\/{rel}","templated":true}]}}