{"id":125587,"date":"2025-05-24T22:44:14","date_gmt":"2025-05-24T22:44:14","guid":{"rendered":"https:\/\/www.europesays.com\/fr\/125587\/"},"modified":"2025-05-24T22:44:14","modified_gmt":"2025-05-24T22:44:14","slug":"ses-adorables-petites-filles-jumelles-ont-eu-1-an-et-ont-eu-droit-a-une-fete-de-reve","status":"publish","type":"post","link":"https:\/\/www.europesays.com\/fr\/125587\/","title":{"rendered":"Ses adorables petites-filles jumelles ont eu 1 an et ont eu droit \u00e0 une f\u00eate de r\u00eave"},"content":{"rendered":"<p>Jeudi 22 mai 2025, Enzo Zidane et sa femme Karen Gon\u00e7alves ont c\u00e9l\u00e9br\u00e9 le premier anniversaire de leurs jumelles, Giulia et Kaia, avec une f\u00eate aussi tendre que joyeuse. Un \u00e9v\u00e9nement que les jeunes parents ont partag\u00e9 sur Instagram, pour le plus grand bonheur des fans de la famille Zidane.<\/p>\n<p>Le clan Zidane avait de quoi f\u00eater le 22 mai 2025. <a href=\"https:\/\/fr.news.yahoo.com\/zizou-%C3%A0-t%C3%AAte-dune-grande-203800851.html\" data-ylk=\"slk:Giulia et Kaia, les adorables jumelles;elm:context_link;itc:0;sec:content-canvas;outcm:mb_qualified_link;_E:mb_qualified_link;ct:story;\" class=\"link  yahoo-link\" target=\"_blank\" rel=\"noopener\">Giulia et Kaia, les adorables jumelles<\/a> d\u2019<a href=\"https:\/\/www.purepeople.com\/people\/enzo-zidane_p439137\" rel=\"nofollow noopener\" target=\"_blank\" data-ylk=\"slk:Enzo Zidane;elm:context_link;itc:0;sec:content-canvas\" class=\"link \">Enzo Zidane<\/a> et de son \u00e9pouse Karen Gon\u00e7alves, ont souffl\u00e9<strong> leur premi\u00e8re bougie<\/strong>. Pour marquer ce cap symbolique, les jeunes parents ont organis\u00e9 une f\u00eate pleine de douceur, r\u00e9v\u00e9l\u00e9e en images sur leurs comptes Instagram respectifs.<\/p>\n<p>Une c\u00e9l\u00e9bration pleine de tendresse chez les Zidane<\/p>\n<p>Dans <strong>un d\u00e9cor bucolique<\/strong>, au c\u0153ur d\u2019un jardin baign\u00e9 de soleil, les fillettes ont \u00e9t\u00e9 c\u00e9l\u00e9br\u00e9es comme des princesses. V\u00eatues de robes fuchsia identiques, ces derni\u00e8res ont pos\u00e9 dans les bras de leurs parents, tout sourire. Une table couverte de douceurs, des ballons pastel, des coussins moelleux pos\u00e9s sur l\u2019herbe et une ambiance cosy compl\u00e9taient ce moment familial. \u00ab\u00a0Joyeux anniversaire ma Giulia et ma Kaia ch\u00e9rie. Nous avons trop de chance de vous avoir dans nos vies\u00a0\u00bb, a \u00e9crit le fils de <a href=\"https:\/\/www.purepeople.com\/people\/zinedine-zidane_p36\" rel=\"nofollow noopener\" target=\"_blank\" data-ylk=\"slk:Zinedine Zidane;elm:context_link;itc:0;sec:content-canvas\" class=\"link \">Zinedine Zidane<\/a> en l\u00e9gende de son post, partag\u00e9 le jour m\u00eame.<\/p>\n<p>D\u00e9j\u00e0 parents d\u2019<a href=\"https:\/\/fr.news.yahoo.com\/zinedine-zidane-grand-p%C3%A8re-petite-172500567.html\" data-ylk=\"slk:une petite Sia, n\u00e9e en mai 2022;elm:context_link;itc:0;sec:content-canvas;outcm:mb_qualified_link;_E:mb_qualified_link;ct:story;\" class=\"link  yahoo-link\" target=\"_blank\" rel=\"noopener\">une petite Sia, n\u00e9e en mai 2022<\/a>, le couple affiche <strong>un bonheur familial touchant.<\/strong> Sia \u00e9tait bien s\u00fbr pr\u00e9sente pour c\u00e9l\u00e9brer l\u2019\u00e9v\u00e9nement de ses petites s\u0153urs, et appara\u00eet sur certaines photos, toujours masqu\u00e9e par un \u00e9moji pour pr\u00e9server son anonymat. L\u2019ambiance semble \u00e0 la complicit\u00e9 et \u00e0 l\u2019amour, comme en t\u00e9moigne un clich\u00e9 attendrissant sur lequel Enzo Zidane, allong\u00e9 sur la pelouse, se laisse grimper dessus par ses filles, \u00e0 la recherche de c\u00e2lins.<\/p>\n<p>Zinedine Zidane, un grand-p\u00e8re combl\u00e9 et discret<\/p>\n<p>Si Zinedine Zidane ne s\u2019est pas exprim\u00e9 publiquement \u00e0 l\u2019occasion de cet anniversaire, nul doute qu\u2019il \u00e9tait \u00e9mu par cette \u00e9tape importante dans la vie de son fils a\u00een\u00e9. \u00c0 52 ans, l\u2019ancienne l\u00e9gende du ballon rond est d\u00e9sormais <strong>grand-p\u00e8re de trois petites filles<\/strong>, un r\u00f4le qu\u2019il semble endosser avec fiert\u00e9 et bienveillance. Tr\u00e8s proche de ses quatre fils, Enzo, Luca, Th\u00e9o et Elyaz, le surnomm\u00e9 Zizou partage avec eux une passion pour le sport, mais aussi un attachement profond aux valeurs familiales.<\/p>\n<p><a href=\"https:\/\/fr.news.yahoo.com\/zin%C3%A9dine-zidane-femme-v%C3%A9ronique-petite-210500634.html\" data-ylk=\"slk:Mari\u00e9 \u00e0 V\u00e9ronique depuis 1994;elm:context_link;itc:0;sec:content-canvas;outcm:mb_qualified_link;_E:mb_qualified_link;ct:story;\" class=\"link  yahoo-link\" target=\"_blank\" rel=\"noopener\">Mari\u00e9 \u00e0 V\u00e9ronique depuis 1994<\/a>, le champion du monde 98 n\u2019a jamais cach\u00e9 l\u2019importance de sa famille. \u00ab\u00a0<strong>\u00c7a fait plus de trente et un ans que nous sommes ensemble. Je lui dois \u00e9norm\u00e9ment<\/strong>\u00ab\u00a0, confiait-il en 2021 dans les colonnes de L\u2019\u00c9quipe \u00e0 propos de son \u00e9pouse. Une stabilit\u00e9 qui semble avoir inspir\u00e9 ses enfants dans la construction de leur propre vie. <a href=\"https:\/\/fr.news.yahoo.com\/zinedine-zidane-belle-fille-d%C3%A9voile-141900047.html\" data-ylk=\"slk:Enzo, en particulier, semble aujourd\u2019hui \u00e9panoui aux c\u00f4t\u00e9s de Karen, qu\u2019il a \u00e9pous\u00e9e en d\u00e9cembre 2023.;elm:context_link;itc:0;sec:content-canvas;outcm:mb_qualified_link;_E:mb_qualified_link;ct:story;\" class=\"link  yahoo-link\" target=\"_blank\" rel=\"noopener\">Enzo, en particulier, semble aujourd\u2019hui \u00e9panoui aux c\u00f4t\u00e9s de Karen, qu\u2019il a \u00e9pous\u00e9e en d\u00e9cembre 2023.<\/a><\/p>\n<p>Dans sa d\u00e9claration pleine d\u2019\u00e9motion \u00e0 l\u2019attention de ses jumelles, le jeune papa souligne l\u2019intensit\u00e9 des \u00e9motions v\u00e9cues depuis leur naissance : \u00ab\u00a0D\u00e9j\u00e0 1 an, votre arriv\u00e9e au monde a multipli\u00e9 par dix toutes les \u00e9motions, le bonheur, l\u2019amour mais aussi les difficult\u00e9s\u00a0\u00bb, \u00e9crit-il, avant d\u2019ajouter : \u00ab\u00a0<strong>Vous \u00eates tellement merveilleuses que tous les moments sont magiques<\/strong>.\u00a0\u00bb\u00a0<\/p>\n<p>\u00c0 l\u2019heure o\u00f9 Zinedine Zidane savoure une vie loin des terrains et des projecteurs, ii a \u00e9t\u00e9 aper\u00e7u ce samedi 24 mai au <strong>Grand Prix de Monaco<\/strong> <a href=\"https:\/\/fr.news.yahoo.com\/apr%C3%A8s-30-ans-mariage-zinedine-205900027.html\" data-ylk=\"slk:en compagnie de son \u00e9pouse.;elm:context_link;itc:0;sec:content-canvas;outcm:mb_qualified_link;_E:mb_qualified_link;ct:story;\" class=\"link  yahoo-link\" target=\"_blank\" rel=\"noopener\">en compagnie de son \u00e9pouse. <\/a>Zizou profite et il a bien raison !<\/p>\n<p><a href=\"https:\/\/www.purepeople.com\/article\/zinedine-zidane-ses-adorables-petites-filles-jumelles-ont-eu-1-an-et-ont-eu-droit-a-une-fete-de-reve_a538526\/1\" rel=\"nofollow noopener\" target=\"_blank\" data-ylk=\"slk:Article original sur Purepeople;elm:context_link;itc:0;sec:content-canvas\" class=\"link \">Article original sur Purepeople<\/a><\/p>\n","protected":false},"excerpt":{"rendered":"Jeudi 22 mai 2025, Enzo Zidane et sa femme Karen Gon\u00e7alves ont c\u00e9l\u00e9br\u00e9 le premier anniversaire de leurs&hellip;\n","protected":false},"author":2,"featured_media":125588,"comment_status":"","ping_status":"","sticky":false,"template":"","format":"standard","meta":{"footnotes":""},"categories":[1586],"tags":[11,24864,1777,674,1779,1011,27,7250,24865,12,21404,25,1778,364,24863],"class_list":{"0":"post-125587","1":"post","2":"type-post","3":"status-publish","4":"format-standard","5":"has-post-thumbnail","7":"category-europe","8":"tag-actualites","9":"tag-enzo-zidane","10":"tag-eu","11":"tag-europe","12":"tag-european-union","13":"tag-fr","14":"tag-france","15":"tag-jumelles","16":"tag-karen","17":"tag-news","18":"tag-premier-anniversaire","19":"tag-republique-francaise","20":"tag-ue","21":"tag-union-europeenne","22":"tag-zinedine-zidane"},"share_on_mastodon":{"url":"https:\/\/pubeurope.com\/@fr\/114565235551140990","error":""},"_links":{"self":[{"href":"https:\/\/www.europesays.com\/fr\/wp-json\/wp\/v2\/posts\/125587","targetHints":{"allow":["GET"]}}],"collection":[{"href":"https:\/\/www.europesays.com\/fr\/wp-json\/wp\/v2\/posts"}],"about":[{"href":"https:\/\/www.europesays.com\/fr\/wp-json\/wp\/v2\/types\/post"}],"author":[{"embeddable":true,"href":"https:\/\/www.europesays.com\/fr\/wp-json\/wp\/v2\/users\/2"}],"replies":[{"embeddable":true,"href":"https:\/\/www.europesays.com\/fr\/wp-json\/wp\/v2\/comments?post=125587"}],"version-history":[{"count":0,"href":"https:\/\/www.europesays.com\/fr\/wp-json\/wp\/v2\/posts\/125587\/revisions"}],"wp:featuredmedia":[{"embeddable":true,"href":"https:\/\/www.europesays.com\/fr\/wp-json\/wp\/v2\/media\/125588"}],"wp:attachment":[{"href":"https:\/\/www.europesays.com\/fr\/wp-json\/wp\/v2\/media?parent=125587"}],"wp:term":[{"taxonomy":"category","embeddable":true,"href":"https:\/\/www.europesays.com\/fr\/wp-json\/wp\/v2\/categories?post=125587"},{"taxonomy":"post_tag","embeddable":true,"href":"https:\/\/www.europesays.com\/fr\/wp-json\/wp\/v2\/tags?post=125587"}],"curies":[{"name":"wp","href":"https:\/\/api.w.org\/{rel}","templated":true}]}}