{"id":125612,"date":"2025-05-24T23:00:11","date_gmt":"2025-05-24T23:00:11","guid":{"rendered":"https:\/\/www.europesays.com\/fr\/125612\/"},"modified":"2025-05-24T23:00:11","modified_gmt":"2025-05-24T23:00:11","slug":"columbo-il-y-a-toujours-un-truc","status":"publish","type":"post","link":"https:\/\/www.europesays.com\/fr\/125612\/","title":{"rendered":"Columbo &#8211; Il y a toujours un truc"},"content":{"rendered":"<p id=\"descriptionPanel\" aria-labelledby=\"descriptionArrow\" aria-expanded=\"false\" class=\"mr-2 line-clamp-2 pr-2.5 text-secondary overflow-visible\">Le lieutenant Columbo enqu\u00eate sur la mort de Max Dyson, un c\u00e9l\u00e8bre magicien et psychiatre, d\u00e9capit\u00e9 par sa propre invention, une guillotine truqu\u00e9e. Columbo remarque alors que le collier de la guillotine a \u00e9t\u00e9 retir\u00e9 et plac\u00e9 \u00e0 quelques m\u00e8tres de la machine. Bart, un voisin et admirateur de Max, explique au lieutenant qu&rsquo;il a constitu\u00e9 un r\u00e9pertoire des tours de magie orchestr\u00e9s par le talentueux magicien&#8230;<\/p>\n<p><a class=\"shrink-0\" href=\"https:\/\/www.tf1.fr\/tmc\/columbo\" rel=\"nofollow noopener\" target=\"_blank\"><img decoding=\"async\" src=\"https:\/\/www.europesays.com\/fr\/wp-content\/uploads\/2025\/05\/vignette-portrait-columbo-c7997e-04cc3b-0@1x.jpg\" width=\"138\" height=\"184\" alt=\"\" loading=\"eager\" fetchpriority=\"auto\" class=\"aspect-[3\/4] h-24 w-auto rounded-3px\" aria-hidden=\"true\"\/><\/a><\/p>\n","protected":false},"excerpt":{"rendered":"Le lieutenant Columbo enqu\u00eate sur la mort de Max Dyson, un c\u00e9l\u00e8bre magicien et psychiatre, d\u00e9capit\u00e9 par sa&hellip;\n","protected":false},"author":2,"featured_media":125613,"comment_status":"","ping_status":"","sticky":false,"template":"","format":"standard","meta":{"footnotes":""},"categories":[1356],"tags":[24868,24867,58,59,1365,24866,1011,27,24870,252,1364,24869,24871],"class_list":{"0":"post-125612","1":"post","2":"type-post","3":"status-publish","4":"format-standard","5":"has-post-thumbnail","7":"category-television","8":"tag-columbo","9":"tag-columbo-episode","10":"tag-divertissement","11":"tag-entertainment","12":"tag-episode","13":"tag-episode-columbo","14":"tag-fr","15":"tag-france","16":"tag-streaming-columbo","17":"tag-television","18":"tag-tv","19":"tag-video-columbo","20":"tag-video-en-streaming-columbo"},"share_on_mastodon":{"url":"https:\/\/pubeurope.com\/@fr\/114565298556237830","error":""},"_links":{"self":[{"href":"https:\/\/www.europesays.com\/fr\/wp-json\/wp\/v2\/posts\/125612","targetHints":{"allow":["GET"]}}],"collection":[{"href":"https:\/\/www.europesays.com\/fr\/wp-json\/wp\/v2\/posts"}],"about":[{"href":"https:\/\/www.europesays.com\/fr\/wp-json\/wp\/v2\/types\/post"}],"author":[{"embeddable":true,"href":"https:\/\/www.europesays.com\/fr\/wp-json\/wp\/v2\/users\/2"}],"replies":[{"embeddable":true,"href":"https:\/\/www.europesays.com\/fr\/wp-json\/wp\/v2\/comments?post=125612"}],"version-history":[{"count":0,"href":"https:\/\/www.europesays.com\/fr\/wp-json\/wp\/v2\/posts\/125612\/revisions"}],"wp:featuredmedia":[{"embeddable":true,"href":"https:\/\/www.europesays.com\/fr\/wp-json\/wp\/v2\/media\/125613"}],"wp:attachment":[{"href":"https:\/\/www.europesays.com\/fr\/wp-json\/wp\/v2\/media?parent=125612"}],"wp:term":[{"taxonomy":"category","embeddable":true,"href":"https:\/\/www.europesays.com\/fr\/wp-json\/wp\/v2\/categories?post=125612"},{"taxonomy":"post_tag","embeddable":true,"href":"https:\/\/www.europesays.com\/fr\/wp-json\/wp\/v2\/tags?post=125612"}],"curies":[{"name":"wp","href":"https:\/\/api.w.org\/{rel}","templated":true}]}}