{"id":125626,"date":"2025-05-24T23:07:09","date_gmt":"2025-05-24T23:07:09","guid":{"rendered":"https:\/\/www.europesays.com\/fr\/125626\/"},"modified":"2025-05-24T23:07:09","modified_gmt":"2025-05-24T23:07:09","slug":"aux-origines-de-lascension-discrete-et-fulgurante-donlyfans-et-de-mym","status":"publish","type":"post","link":"https:\/\/www.europesays.com\/fr\/125626\/","title":{"rendered":"aux origines de l\u2019ascension discr\u00e8te et fulgurante d\u2019OnlyFans et de MYM"},"content":{"rendered":"<p data-module=\"fig-standfirst-editorial-episode\" data-context=\"@media (min-width:48em)\"><strong>ENQU\u00caTE &#8211; <\/strong>Les cr\u00e9ateurs de ces deux sites ont tous en commun d\u2019\u00eatre des entrepreneurs n\u00e9s qui sont devenus des barons de la \u00abcreator economy\u00bb. Un nouveau march\u00e9 en pleine expansion, qui g\u00e9n\u00e8re des centaines de millions d\u2019euros de b\u00e9n\u00e9fices chaque ann\u00e9e.<\/p>\n<p class=\"fig-paragraph fig-paragraph--dropped\">Un p\u00e8re et ses fils d\u2019un c\u00f4t\u00e9, deux amis d\u2019enfance de l\u2019autre&#8230; Des clans restreints \u00e0 la t\u00eate de deux empires mondiaux,\u00a0<a href=\"http:\/\/www.lefigaro.fr\/culture\/butts-for-tour-buses-la-chanteuse-kate-nash-vend-des-photos-intimes-sur-onlyfans-pour-financer-ses-tournees-20241124\" data-fig-type=\"NewsFlash\" data-gtm-custom-categorie=\"navigation\" data-gtm-custom-action=\"crossclick\" data-gtm-custom-label=\"Contextuel\" data-gtm-event=\"customEventSPE\" data-fig-domain=\"LEFIGARO\" target=\"_blank\" rel=\"noopener\">OnlyFans<\/a>\u00a0et MYM. Ces plateformes ont b\u00e2ti leur fortune sur un march\u00e9 aussi discret que puissant\u00a0:\u00a0<a href=\"http:\/\/www.lefigaro.fr\/secteur\/high-tech\/j-attends-que-ma-mere-soit-partie-l-engrenage-sordide-des-jeunes-femmes-qui-se-denudent-en-video-pour-quelques-centaines-d-euros-20250517\" data-fig-type=\"Article\" data-gtm-custom-categorie=\"navigation\" data-gtm-custom-action=\"crossclick\" data-gtm-custom-label=\"Contextuel\" data-gtm-event=\"customEventSPE\" data-fig-domain=\"LEFIGARO\" target=\"_blank\" rel=\"noopener\">celui des contenus de charme, \u00e9rotiques et pornographiques<\/a>. \u00c0 coups d\u2019abonnements mensuels, des millions d\u2019internautes r\u00e9mun\u00e8rent directement des cr\u00e9ateurs et cr\u00e9atrices &#8211; parfois tr\u00e8s jeunes &#8211; qui se d\u00e9nudent devant leur t\u00e9l\u00e9phone.<\/p>\n<p class=\"fig-paragraph fig-paragraph--dropped\">En \u00abserial\u00bb entrepreneurs, ces hommes sont devenus des figures embl\u00e9matiques de la \u00abcreator economy\u00bb. Ce march\u00e9 permet aux cr\u00e9ateurs de contenu de mon\u00e9tiser leur audience, sans avoir besoin d\u2019annonceurs, ni de publicit\u00e9s ext\u00e9rieures. Avec des millions de cr\u00e9ateurs qui ne cessent de se multiplier, ce secteur a connu un v\u00e9ritable essor, propulsant les deux plateformes comme r\u00e9f\u00e9rences mondiales dans les contenus pour adultes. Aujourd\u2019hui, elles poursuivent leur spectaculaire ascension&#8230; tout en verrouillant leur communication. Certains repr\u00e9sentants sont m\u00eame devenus inaccessibles.<\/p>\n<p class=\"fig-premium-paywall__infos\">\n        Cet article est r\u00e9serv\u00e9 aux abonn\u00e9s.        Il vous reste 93% \u00e0 d\u00e9couvrir.\n    <\/p>\n<p>                <img  data- alt=\"Le Figaro\" class=\"fig-img--complete fig-img\"\/><\/p>\n<p class=\"fig-premium-paywall__title\">Vente Flash<\/p>\n<p class=\"fig-premium-paywall__subtitle\">4,99\u20ac par mois pendant 12 mois. Sans engagement.<\/p>\n<p class=\"fig-premium-paywall__connect\">\n                D\u00e9j\u00e0 abonn\u00e9\u00a0?                <a class=\"fig-premium-paywall__connect-link\" href=\"https:\/\/connect.lefigaro.fr\/login?client=horizon_web&amp;type=main&amp;redirect_uri=https%3A%2F%2Fwww.lefigaro.fr%2Fsecteur%2Fhigh-tech%2Fvideos-pour-adultes-aux-origines-de-l-ascension-discrete-et-fulgurante-d-onlyfans-et-de-mym-20250524\" data-js-gtm=\"{&quot;customCategorie&quot;: &quot;conversion&quot;, &quot;customAction&quot;: &quot;before_Landing_Connexion_paywall_manuel&quot;, &quot;customLabel&quot;: &quot;bGVmaWdhcm8uZnJfXzFlZmQzZWVlLTRkOGUtNjllYS1hMTNmLWUxYzY0NTcwMzE5N19fQXJ0aWNsZQ==_Vid\u00e9os pour adultes\u00a0: aux origines de l\u2019ascension discr\u00e8te et fulgurante d\u2019OnlyFans et de MYM_590&quot;, &quot;customIDSPE&quot;: &quot;bGVmaWdhcm8uZnJfXzFlZmQzZWVlLTRkOGUtNjllYS1hMTNmLWUxYzY0NTcwMzE5N19fQXJ0aWNsZQ==&quot;, &quot;event&quot;: &quot;customEventSPE&quot;}\" target=\"_blank\" rel=\"noopener\"><br \/>\n                    Connectez-vous<br \/>\n                <\/a>\n            <\/p>\n","protected":false},"excerpt":{"rendered":"ENQU\u00caTE &#8211; Les cr\u00e9ateurs de ces deux sites ont tous en commun d\u2019\u00eatre des entrepreneurs n\u00e9s qui sont&hellip;\n","protected":false},"author":2,"featured_media":125627,"comment_status":"","ping_status":"","sticky":false,"template":"","format":"standard","meta":{"footnotes":""},"categories":[6],"tags":[47,722,723,35,33,34,1011,27,727,726,142,310,655,720,24875,719,15214,24874,724,725,717,718,721,728],"class_list":{"0":"post-125626","1":"post","2":"type-post","3":"status-publish","4":"format-standard","5":"has-post-thumbnail","7":"category-economie","8":"tag-actualite","9":"tag-blog","10":"tag-blogs","11":"tag-business","12":"tag-economie","13":"tag-economy","14":"tag-fr","15":"tag-france","16":"tag-gadget","17":"tag-gadgets","18":"tag-high-tech","19":"tag-internet","20":"tag-iphone","21":"tag-multimedia","22":"tag-mym","23":"tag-nouvelles-technolgies","24":"tag-onlyfans","25":"tag-pornographie","26":"tag-smartphone","27":"tag-tablette","28":"tag-technologie","29":"tag-tic","30":"tag-web","31":"tag-widgets"},"share_on_mastodon":{"url":"https:\/\/pubeurope.com\/@fr\/114565326140177812","error":""},"_links":{"self":[{"href":"https:\/\/www.europesays.com\/fr\/wp-json\/wp\/v2\/posts\/125626","targetHints":{"allow":["GET"]}}],"collection":[{"href":"https:\/\/www.europesays.com\/fr\/wp-json\/wp\/v2\/posts"}],"about":[{"href":"https:\/\/www.europesays.com\/fr\/wp-json\/wp\/v2\/types\/post"}],"author":[{"embeddable":true,"href":"https:\/\/www.europesays.com\/fr\/wp-json\/wp\/v2\/users\/2"}],"replies":[{"embeddable":true,"href":"https:\/\/www.europesays.com\/fr\/wp-json\/wp\/v2\/comments?post=125626"}],"version-history":[{"count":0,"href":"https:\/\/www.europesays.com\/fr\/wp-json\/wp\/v2\/posts\/125626\/revisions"}],"wp:featuredmedia":[{"embeddable":true,"href":"https:\/\/www.europesays.com\/fr\/wp-json\/wp\/v2\/media\/125627"}],"wp:attachment":[{"href":"https:\/\/www.europesays.com\/fr\/wp-json\/wp\/v2\/media?parent=125626"}],"wp:term":[{"taxonomy":"category","embeddable":true,"href":"https:\/\/www.europesays.com\/fr\/wp-json\/wp\/v2\/categories?post=125626"},{"taxonomy":"post_tag","embeddable":true,"href":"https:\/\/www.europesays.com\/fr\/wp-json\/wp\/v2\/tags?post=125626"}],"curies":[{"name":"wp","href":"https:\/\/api.w.org\/{rel}","templated":true}]}}