{"id":125649,"date":"2025-05-24T23:24:09","date_gmt":"2025-05-24T23:24:09","guid":{"rendered":"https:\/\/www.europesays.com\/fr\/125649\/"},"modified":"2025-05-24T23:24:09","modified_gmt":"2025-05-24T23:24:09","slug":"previsions-du-dimanche-25-mai-2025-2","status":"publish","type":"post","link":"https:\/\/www.europesays.com\/fr\/125649\/","title":{"rendered":"pr\u00e9visions du dimanche 25 mai 2025"},"content":{"rendered":"<p>La grisaille ne se disperse toujours pas, il y aura encore des nuages aujourd&rsquo;hui. La m\u00e9t\u00e9o sera marqu\u00e9e par des pluies \u00e9parses pour Rennes. Les temp\u00e9ratures seront de 14\u00b0C. Les valeurs tourneront autour des 17\u00b0C au cours de la matin\u00e9e. Un vent d&rsquo;ouest, enregistrant 21 km\/h, soufflera. On observera la pr\u00e9sence persistante de nuages l&rsquo;apr\u00e8s-midi. Les valeurs s&rsquo;\u00e9chelonneront entre 17 et 19\u00b0C. Un vent de nord-ouest rafra\u00eechira l\u00e9g\u00e8rement l&rsquo;atmosph\u00e8re. Des \u00e9claircies sont attendues : on passera une soir\u00e9e agr\u00e9able. Il va faire 14\u00b0C en moyenne. Le passage de dimanche \u00e0 lundi se fera sous un ciel d\u00e9pourvu de nuages.<\/p>\n<p>Les nuages \u00e0 pr\u00e9voir demain, \u00e0 Rennes, et un ciel encore gris. Intemp\u00e9ries : on annonce des pluies \u00e9parses. Les temp\u00e9ratures vont chuter de quelques degr\u00e9s. Les valeurs seront comprises entre 7 et 18\u00b0C. Une l\u00e9g\u00e8re brise de sud-ouest sera ressentie par les habitants. Le ciel va peu \u00e0 peu s&rsquo;obscurcir durant la matin\u00e9e avec l&rsquo;apparition de nuages. L&rsquo;apr\u00e8s-midi va rester gris \u00e0 cause de nuages qui perdurent dans le ciel. Les valeurs s&rsquo;\u00e9chelonneront de 17 \u00e0 18\u00b0C. Demain soir, encore des nuages dans le ciel qui emp\u00eachent le soleil de faire son apparition. Du mauvais temps est \u00e0 pr\u00e9voir. Des pluies \u00e9parses vont tomber. Il fera en moyenne 14\u00b0C.<\/p>\n<p>Les jours suivants s&rsquo;annoncent similaires. On anticipe des journ\u00e9es pluvieuses, accompagn\u00e9es par des temp\u00e9ratures dans les 16\u00b0C en moyenne.<\/p>\n<p><\/p>\n","protected":false},"excerpt":{"rendered":"La grisaille ne se disperse toujours pas, il y aura encore des nuages aujourd&rsquo;hui. La m\u00e9t\u00e9o sera marqu\u00e9e&hellip;\n","protected":false},"author":2,"featured_media":125650,"comment_status":"","ping_status":"","sticky":false,"template":"","format":"standard","meta":{"footnotes":""},"categories":[2821],"tags":[1111,11,829,1777,674,1011,27,848,12,2119,584,25],"class_list":{"0":"post-125649","1":"post","2":"type-post","3":"status-publish","4":"format-standard","5":"has-post-thumbnail","7":"category-rennes","8":"tag-actu","9":"tag-actualites","10":"tag-bretagne","11":"tag-eu","12":"tag-europe","13":"tag-fr","14":"tag-france","15":"tag-ille-et-vilaine","16":"tag-news","17":"tag-previsions-meteo","18":"tag-rennes","19":"tag-republique-francaise"},"share_on_mastodon":{"url":"https:\/\/pubeurope.com\/@fr\/114565392827600612","error":""},"_links":{"self":[{"href":"https:\/\/www.europesays.com\/fr\/wp-json\/wp\/v2\/posts\/125649","targetHints":{"allow":["GET"]}}],"collection":[{"href":"https:\/\/www.europesays.com\/fr\/wp-json\/wp\/v2\/posts"}],"about":[{"href":"https:\/\/www.europesays.com\/fr\/wp-json\/wp\/v2\/types\/post"}],"author":[{"embeddable":true,"href":"https:\/\/www.europesays.com\/fr\/wp-json\/wp\/v2\/users\/2"}],"replies":[{"embeddable":true,"href":"https:\/\/www.europesays.com\/fr\/wp-json\/wp\/v2\/comments?post=125649"}],"version-history":[{"count":0,"href":"https:\/\/www.europesays.com\/fr\/wp-json\/wp\/v2\/posts\/125649\/revisions"}],"wp:featuredmedia":[{"embeddable":true,"href":"https:\/\/www.europesays.com\/fr\/wp-json\/wp\/v2\/media\/125650"}],"wp:attachment":[{"href":"https:\/\/www.europesays.com\/fr\/wp-json\/wp\/v2\/media?parent=125649"}],"wp:term":[{"taxonomy":"category","embeddable":true,"href":"https:\/\/www.europesays.com\/fr\/wp-json\/wp\/v2\/categories?post=125649"},{"taxonomy":"post_tag","embeddable":true,"href":"https:\/\/www.europesays.com\/fr\/wp-json\/wp\/v2\/tags?post=125649"}],"curies":[{"name":"wp","href":"https:\/\/api.w.org\/{rel}","templated":true}]}}