{"id":12565,"date":"2025-04-09T12:06:11","date_gmt":"2025-04-09T12:06:11","guid":{"rendered":"https:\/\/www.europesays.com\/fr\/12565\/"},"modified":"2025-04-09T12:06:11","modified_gmt":"2025-04-09T12:06:11","slug":"voici-pourquoi-un-enorme-echafaudage-a-ete-pose-sur-le-tribunal-de-strasbourg","status":"publish","type":"post","link":"https:\/\/www.europesays.com\/fr\/12565\/","title":{"rendered":"voici pourquoi un \u00e9norme \u00e9chafaudage a \u00e9t\u00e9 pos\u00e9 sur le tribunal de Strasbourg"},"content":{"rendered":"<p>            Par<br \/>\n        <strong><br \/>\n            <a href=\"https:\/\/actu.fr\/auteur\/margot-fournie\" title=\"Consulter tous les articles de Margot Fournie\" target=\"_blank\" rel=\"noopener\">Margot Fournie<\/a><br \/>\n        <\/strong><\/p>\n<p>        Publi\u00e9 le<\/p>\n<p>            8 avr. 2025 \u00e0 19h01        <\/p>\n<p>Au d\u00e9but du mois de mars, des \u00e9chafaudages entourant une grande partie de la fa\u00e7ade du tribunal judiciaire de <a href=\"https:\/\/actu.fr\/strasbourg\/\" target=\"_blank\" rel=\"noopener\">Strasbourg<\/a> ont \u00e9t\u00e9 mis en place.<\/p>\n<p class=\" wall-content\">On vous dit de quoi il retourne.<\/p>\n<p>\u00ab\u2009On a un souci d\u2019infiltration d\u2019eau\u2009\u00bb<\/p>\n<p class=\" wall-content\">Le b\u00e2timent <strong>date<\/strong> de la <strong>fin du XIXe\u00a0si\u00e8cle<\/strong>. Il a d\u00e9j\u00e0 fait l\u2019objet de <strong>r\u00e9novations en 2017<\/strong>, mais pas dans son enti\u00e8ret\u00e9. Si bien que d\u2019autres travaux s\u2019imposent, cette fois au niveau de la <strong>toiture en zinc<\/strong>.<\/p>\n<p class=\" wall-content\">\u00ab\u2009<strong>On a un souci d\u2019infiltration d\u2019eau<\/strong> au troisi\u00e8me \u00e9tage, sous les toits, <strong>dans les locaux du parquet <\/strong>[autre nom du minist\u00e8re public, NDLR]\u2009\u00bb, expose Philippe Babo, le pr\u00e9sident du tribunal judiciaire de Strasbourg.<\/p>\n<p class=\" wall-content\">Une situation qui dure, selon lui, depuis <strong>quelques ann\u00e9es<\/strong>.<\/p>\n<p>Vid\u00e9os : en ce moment sur Actu\u00ab\u2009Les travaux devraient durer au maximum neuf mois\u2009\u00bb<\/p>\n<p class=\" wall-content\">\u00ab\u2009Les <a href=\"https:\/\/actu.fr\/tag\/travaux\" target=\"_blank\" rel=\"noopener\">travaux<\/a> devraient <strong>durer au maximum neuf mois<\/strong>\u2009\u00bb, reprend Philippe Babo.<\/p>\n<p class=\" wall-content\">Il ajoute que \u00ab\u2009pour les r\u00e9aliser, une partie du service du parquet, soit une <strong>trentaine de personnes<\/strong>, a d\u00fb \u00eatre <strong>d\u00e9localis\u00e9e<\/strong> dans des <strong>pr\u00e9fabriqu\u00e9s<\/strong> qui se trouvent \u00e0 l\u2019arri\u00e8re du tribunal.\u2009\u00bb<\/p>\n<p class=\" wall-content\">Au passage, il r\u00e9v\u00e8le que le co\u00fbt pour l\u2019ensemble du chantier \u00ab\u2009avoisine <strong>1,5 million d\u2019euros<\/strong>\u2009\u00bb.<\/p>\n<p class=\" wall-content\">Suivez toute l\u2019actualit\u00e9 de vos villes et m\u00e9dias favoris en vous inscrivant \u00e0 <a href=\"https:\/\/moncompte.actu.fr\" title=\"D\u00e9couvez Mon Actu\" rel=\"nofollow noopener\" data-trk=\"{&quot;cta&quot;:{&quot;action&quot;:&quot;https:\\\/\\\/moncompte.actu.fr&quot;,&quot;category&quot;:&quot;mon compte&quot;,&quot;from&quot;:&quot;article footer&quot;,&quot;name&quot;:&quot;Mon actu&quot;,&quot;type&quot;:&quot;cta&quot;}}\" target=\"_blank\">Mon Actu<\/a>.<\/p>\n","protected":false},"excerpt":{"rendered":"Par Margot Fournie Publi\u00e9 le 8 avr. 2025 \u00e0 19h01 Au d\u00e9but du mois de mars, des \u00e9chafaudages&hellip;\n","protected":false},"author":2,"featured_media":12566,"comment_status":"","ping_status":"","sticky":false,"template":"","format":"standard","meta":{"footnotes":""},"categories":[2820],"tags":[1111,11,1777,674,1011,27,775,937,12,5765,25,104,640,2086],"class_list":{"0":"post-12565","1":"post","2":"type-post","3":"status-publish","4":"format-standard","5":"has-post-thumbnail","7":"category-strasbourg","8":"tag-actu","9":"tag-actualites","10":"tag-eu","11":"tag-europe","12":"tag-fr","13":"tag-france","14":"tag-grand-est","15":"tag-histoire","16":"tag-news","17":"tag-renovation-urbaine","18":"tag-republique-francaise","19":"tag-societe","20":"tag-strasbourg","21":"tag-travaux"},"share_on_mastodon":{"url":"https:\/\/pubeurope.com\/@fr\/114307923258164524","error":""},"_links":{"self":[{"href":"https:\/\/www.europesays.com\/fr\/wp-json\/wp\/v2\/posts\/12565","targetHints":{"allow":["GET"]}}],"collection":[{"href":"https:\/\/www.europesays.com\/fr\/wp-json\/wp\/v2\/posts"}],"about":[{"href":"https:\/\/www.europesays.com\/fr\/wp-json\/wp\/v2\/types\/post"}],"author":[{"embeddable":true,"href":"https:\/\/www.europesays.com\/fr\/wp-json\/wp\/v2\/users\/2"}],"replies":[{"embeddable":true,"href":"https:\/\/www.europesays.com\/fr\/wp-json\/wp\/v2\/comments?post=12565"}],"version-history":[{"count":0,"href":"https:\/\/www.europesays.com\/fr\/wp-json\/wp\/v2\/posts\/12565\/revisions"}],"wp:featuredmedia":[{"embeddable":true,"href":"https:\/\/www.europesays.com\/fr\/wp-json\/wp\/v2\/media\/12566"}],"wp:attachment":[{"href":"https:\/\/www.europesays.com\/fr\/wp-json\/wp\/v2\/media?parent=12565"}],"wp:term":[{"taxonomy":"category","embeddable":true,"href":"https:\/\/www.europesays.com\/fr\/wp-json\/wp\/v2\/categories?post=12565"},{"taxonomy":"post_tag","embeddable":true,"href":"https:\/\/www.europesays.com\/fr\/wp-json\/wp\/v2\/tags?post=12565"}],"curies":[{"name":"wp","href":"https:\/\/api.w.org\/{rel}","templated":true}]}}