{"id":125651,"date":"2025-05-24T23:25:10","date_gmt":"2025-05-24T23:25:10","guid":{"rendered":"https:\/\/www.europesays.com\/fr\/125651\/"},"modified":"2025-05-24T23:25:10","modified_gmt":"2025-05-24T23:25:10","slug":"n2f-lanester-clot-sa-saison-par-un-probant-succes-dans-le-derby-face-a-rennes","status":"publish","type":"post","link":"https:\/\/www.europesays.com\/fr\/125651\/","title":{"rendered":"N2F\u00a0: Lanester cl\u00f4t sa saison par un probant succ\u00e8s dans le derby face \u00e0 Rennes"},"content":{"rendered":"<p>N2F. Lanester &#8211; Rennes MH : 31-28<\/p>\n<p>Confront\u00e9es, samedi, dans leur salle, \u00e0 l\u2019\u00e9quipe du centre de formation de Rennes-M\u00e9tropole, les Lanest\u00e9riennes ont termin\u00e9 leur championnat de National 2 par une probante victoire (31-28). Dans un match accroch\u00e9, les Morbihannaises ont finalement remport\u00e9 leur combat physique en seconde mi-temps.<\/p>\n<p>\u00ab Notre place n\u2019est pas vol\u00e9e dans ce championnat, on a jou\u00e9 une \u00e9quipe qui \u00e9tait dans le haut du tableau et nous gagnons. Les ressources que nous mettons en fin de match nous permettent de passer devant. Notre collectif est jeune et il ne va pas beaucoup bouger la saison prochaine. C\u2019est une bonne chose pour le club \u00bb, savourait l\u2019entra\u00eeneur du LHB Vincent Lestang.<\/p>\n<p><img decoding=\"async\" src=\"https:\/\/www.europesays.com\/fr\/wp-content\/uploads\/2025\/05\/68323a14854e8f7dc90ac47c.1.jpeg\" width=\"480\" height=\"300\" class=\"web_golden_m\" loading=\"lazy\" alt=\"La joie des Lanest\u00e9riennes apr\u00e8s leur succ\u00e8s.\"\/>La joie des Lanest\u00e9riennes apr\u00e8s leur succ\u00e8s. (Photo Anne Le N\u00e9zet)Lanester porte l\u2019estocade !<\/p>\n<p>Proches l\u2019une de l\u2019autre, les deux \u00e9quipes ne parvenaient pas \u00e0 se d\u00e9partager dans la premi\u00e8re moiti\u00e9 du match. Dans l\u2019entame de celle-ci, Tessier donnait toutefois le ton en offrant un avantage de deux buts aux Lanest\u00e9riennes (5-3, 9\u2019). Avant la pause, Rennes r\u00e9agissait sur une r\u00e9alisation de Pennan\u00e9ac\u2019h (11-13, 26\u2019). \u00c0 la mi-temps, une simple unit\u00e9 s\u00e9parait les deux \u00e9quipes (14-15).<\/p>\n<p>Les Morbihannaises profitaient d\u2019un temps fort pour creuser l\u2019\u00e9cart (27-23, 51\u2019). Cette \u00e9chapp\u00e9e belle et l\u2019aide du public allaient \u00eatre la bonne avec, \u00e0 l\u2019arriv\u00e9e, trois buts d\u2019avance pour le LHB (31-28).<\/p>\n<p><strong class=\"tech\">La fiche technique.<\/strong><\/p>\n<p class=\"tech\"><strong class=\"tech\">Arbitre <\/strong>: M. Le Thiec.<\/p>\n<p class=\"tech\"><strong class=\"tech\">Lanester HB <\/strong>: Le Goulias (Cap) ; Le Ricousse- Gr\u00e9goire (6) ; Jourdain (3) ; Beuguel (3) ; Lecossier (1) ; B\u00e9dard (-) ; Le Bert (1) ; Elain (-) ; Michard (8) ; Tallec (1) ; Le Gall (3) ; Qu\u00e9ven (5) ; LeLi\u00e8vre (-). Entra\u00eeneur : Bruno Gr\u00e9goire.<\/p>\n<p class=\"tech\"><strong class=\"tech\">Rennes-M\u00e9tropole HB <\/strong>: Le Goff- Pajoul (5) ; Hinfray (-) ; Coste (4) ; Tessier (6) ; G\u00e9rard ; Malabeuf (1) ; Guilleux (2) ; Termet (5) ; Le Goff (-) ; Pennan\u00e9ac\u2019h (2) ; Codazzi (Cap) (3) ; B\u00e9nachou (-). Entra\u00eeneur : Malo Derouet.<\/p>\n","protected":false},"excerpt":{"rendered":"N2F. Lanester &#8211; Rennes MH : 31-28 Confront\u00e9es, samedi, dans leur salle, \u00e0 l\u2019\u00e9quipe du centre de formation&hellip;\n","protected":false},"author":2,"featured_media":125652,"comment_status":"","ping_status":"","sticky":false,"template":"","format":"standard","meta":{"footnotes":""},"categories":[2821],"tags":[1111,11,829,1777,674,1011,27,1792,6349,12,584,25,60],"class_list":{"0":"post-125651","1":"post","2":"type-post","3":"status-publish","4":"format-standard","5":"has-post-thumbnail","7":"category-rennes","8":"tag-actu","9":"tag-actualites","10":"tag-bretagne","11":"tag-eu","12":"tag-europe","13":"tag-fr","14":"tag-france","15":"tag-handball","16":"tag-lanester","17":"tag-news","18":"tag-rennes","19":"tag-republique-francaise","20":"tag-sports"},"share_on_mastodon":{"url":"https:\/\/pubeurope.com\/@fr\/114565396772919754","error":""},"_links":{"self":[{"href":"https:\/\/www.europesays.com\/fr\/wp-json\/wp\/v2\/posts\/125651","targetHints":{"allow":["GET"]}}],"collection":[{"href":"https:\/\/www.europesays.com\/fr\/wp-json\/wp\/v2\/posts"}],"about":[{"href":"https:\/\/www.europesays.com\/fr\/wp-json\/wp\/v2\/types\/post"}],"author":[{"embeddable":true,"href":"https:\/\/www.europesays.com\/fr\/wp-json\/wp\/v2\/users\/2"}],"replies":[{"embeddable":true,"href":"https:\/\/www.europesays.com\/fr\/wp-json\/wp\/v2\/comments?post=125651"}],"version-history":[{"count":0,"href":"https:\/\/www.europesays.com\/fr\/wp-json\/wp\/v2\/posts\/125651\/revisions"}],"wp:featuredmedia":[{"embeddable":true,"href":"https:\/\/www.europesays.com\/fr\/wp-json\/wp\/v2\/media\/125652"}],"wp:attachment":[{"href":"https:\/\/www.europesays.com\/fr\/wp-json\/wp\/v2\/media?parent=125651"}],"wp:term":[{"taxonomy":"category","embeddable":true,"href":"https:\/\/www.europesays.com\/fr\/wp-json\/wp\/v2\/categories?post=125651"},{"taxonomy":"post_tag","embeddable":true,"href":"https:\/\/www.europesays.com\/fr\/wp-json\/wp\/v2\/tags?post=125651"}],"curies":[{"name":"wp","href":"https:\/\/api.w.org\/{rel}","templated":true}]}}