{"id":125653,"date":"2025-05-24T23:26:09","date_gmt":"2025-05-24T23:26:09","guid":{"rendered":"https:\/\/www.europesays.com\/fr\/125653\/"},"modified":"2025-05-24T23:26:09","modified_gmt":"2025-05-24T23:26:09","slug":"previsions-du-dimanche-25-mai-2025-3","status":"publish","type":"post","link":"https:\/\/www.europesays.com\/fr\/125653\/","title":{"rendered":"pr\u00e9visions du dimanche 25 mai 2025"},"content":{"rendered":"<p>\u00c0 Strasbourg, les maximales pourront atteindre 19\u00b0C dans la journ\u00e9e tandis que les minimales seront de 10\u00b0C. On observera la pr\u00e9sence persistante de nuages le matin. Des pluies \u00e9parses sont pr\u00e9vues. Il va faire 14\u00b0C en moyenne. Un vent de sud est attendu : il soufflera \u00e0 20 km\/h. La m\u00e9t\u00e9o sera mitig\u00e9e dans l&rsquo;apr\u00e8s-midi avec de petites averses. En revanche, les temp\u00e9ratures vont enregistrer une hausse de quelques degr\u00e9s. Les valeurs seront de 16\u00b0C au minimum et de 19\u00b0C au plus haut. Un vent de sud-ouest soufflera l\u00e9g\u00e8rement. Le soir, il est probable que de l\u00e9g\u00e8res averses \u00e9clatent. Les temp\u00e9ratures avoisineront les 15\u00b0C. Entre dimanche et lundi, la nuit sera pluvieuse.<\/p>\n<p>Demain, le thermom\u00e8tre affichera 15\u00b0C en moyenne \u00e0 Strasbourg. Un vent de nord-ouest rafra\u00eechira un peu l&rsquo;atmosph\u00e8re. Un bel ensoleillement est pr\u00e9vu le matin. Le temps devrait s&rsquo;am\u00e9liorer pendant l&rsquo;apr\u00e8s-midi. Les valeurs seront comprises entre 18 et 19\u00b0C.<\/p>\n<p>Les conditions m\u00e9t\u00e9orologiques des jours suivants vont \u00e9voluer progressivement. M\u00eame si le beau temps perdurera quelque peu mardi, il faut pr\u00e9voir une d\u00e9gradation par la suite.<\/p>\n<p><\/p>\n","protected":false},"excerpt":{"rendered":"\u00c0 Strasbourg, les maximales pourront atteindre 19\u00b0C dans la journ\u00e9e tandis que les minimales seront de 10\u00b0C. On&hellip;\n","protected":false},"author":2,"featured_media":125654,"comment_status":"","ping_status":"","sticky":false,"template":"","format":"standard","meta":{"footnotes":""},"categories":[2820],"tags":[1111,11,2389,2649,1777,674,1011,27,775,12,2119,25,640],"class_list":{"0":"post-125653","1":"post","2":"type-post","3":"status-publish","4":"format-standard","5":"has-post-thumbnail","7":"category-strasbourg","8":"tag-actu","9":"tag-actualites","10":"tag-alsace","11":"tag-bas-rhin","12":"tag-eu","13":"tag-europe","14":"tag-fr","15":"tag-france","16":"tag-grand-est","17":"tag-news","18":"tag-previsions-meteo","19":"tag-republique-francaise","20":"tag-strasbourg"},"share_on_mastodon":{"url":"https:\/\/pubeurope.com\/@fr\/114565400717397426","error":""},"_links":{"self":[{"href":"https:\/\/www.europesays.com\/fr\/wp-json\/wp\/v2\/posts\/125653","targetHints":{"allow":["GET"]}}],"collection":[{"href":"https:\/\/www.europesays.com\/fr\/wp-json\/wp\/v2\/posts"}],"about":[{"href":"https:\/\/www.europesays.com\/fr\/wp-json\/wp\/v2\/types\/post"}],"author":[{"embeddable":true,"href":"https:\/\/www.europesays.com\/fr\/wp-json\/wp\/v2\/users\/2"}],"replies":[{"embeddable":true,"href":"https:\/\/www.europesays.com\/fr\/wp-json\/wp\/v2\/comments?post=125653"}],"version-history":[{"count":0,"href":"https:\/\/www.europesays.com\/fr\/wp-json\/wp\/v2\/posts\/125653\/revisions"}],"wp:featuredmedia":[{"embeddable":true,"href":"https:\/\/www.europesays.com\/fr\/wp-json\/wp\/v2\/media\/125654"}],"wp:attachment":[{"href":"https:\/\/www.europesays.com\/fr\/wp-json\/wp\/v2\/media?parent=125653"}],"wp:term":[{"taxonomy":"category","embeddable":true,"href":"https:\/\/www.europesays.com\/fr\/wp-json\/wp\/v2\/categories?post=125653"},{"taxonomy":"post_tag","embeddable":true,"href":"https:\/\/www.europesays.com\/fr\/wp-json\/wp\/v2\/tags?post=125653"}],"curies":[{"name":"wp","href":"https:\/\/api.w.org\/{rel}","templated":true}]}}