{"id":125660,"date":"2025-05-24T23:30:09","date_gmt":"2025-05-24T23:30:09","guid":{"rendered":"https:\/\/www.europesays.com\/fr\/125660\/"},"modified":"2025-05-24T23:30:09","modified_gmt":"2025-05-24T23:30:09","slug":"previsions-du-dimanche-25-mai-2025-5","status":"publish","type":"post","link":"https:\/\/www.europesays.com\/fr\/125660\/","title":{"rendered":"pr\u00e9visions du dimanche 25 mai 2025"},"content":{"rendered":"<p>La grisaille ne se disperse toujours pas, il y aura encore des nuages aujourd&rsquo;hui. Mauvais temps \u00e0 Nantes : on annonce des pluies \u00e9parses. Les temp\u00e9ratures seront de 16\u00b0C. Le matin, on pr\u00e9voit des valeurs avoisinant 17\u00b0C. Un vent de sud-ouest soufflera \u00e0 23 km\/h. Le soleil peinera \u00e0 percer au milieu des nuages qui persisteront dans l&rsquo;apr\u00e8s-midi. Les temp\u00e9ratures s&rsquo;\u00e9chelonneront entre 18 et 20\u00b0C. Un ciel d\u00e9pourvu de nuages est attendu dans la nuit reliant dimanche et lundi.<\/p>\n<p>C&rsquo;est \u00e0 un ciel tapiss\u00e9 de nuages qu&rsquo;il faudra s&rsquo;attendre demain \u00e0 Nantes. Le mercure va descendre de quelques degr\u00e9s. Les valeurs seront comprises entre 7 et 19\u00b0C. Une petite brise de sud-ouest sera ressentie par les habitants. Des pluies \u00e9parses tomberont dans la matin\u00e9e. Les temp\u00e9ratures tourneront autour des 15\u00b0C. Encore de la grisaille demain apr\u00e8s-midi. De l\u00e9gers nuages vont stationner. Les valeurs s&rsquo;\u00e9chelonneront de 17 \u00e0 19\u00b0C. Il fera en moyenne 14\u00b0C, demain soir.<\/p>\n<p>Les jours qui suivent s&rsquo;annoncent identiques. Il va faire un temps plut\u00f4t pluvieux avec des temp\u00e9ratures autour de 16\u00b0C.<\/p>\n<p><\/p>\n","protected":false},"excerpt":{"rendered":"La grisaille ne se disperse toujours pas, il y aura encore des nuages aujourd&rsquo;hui. Mauvais temps \u00e0 Nantes&hellip;\n","protected":false},"author":2,"featured_media":125661,"comment_status":"","ping_status":"","sticky":false,"template":"","format":"standard","meta":{"footnotes":""},"categories":[2818],"tags":[1111,11,1777,674,1011,27,766,12,2636,2119,25],"class_list":{"0":"post-125660","1":"post","2":"type-post","3":"status-publish","4":"format-standard","5":"has-post-thumbnail","7":"category-nantes","8":"tag-actu","9":"tag-actualites","10":"tag-eu","11":"tag-europe","12":"tag-fr","13":"tag-france","14":"tag-nantes","15":"tag-news","16":"tag-pays-de-la-loire","17":"tag-previsions-meteo","18":"tag-republique-francaise"},"share_on_mastodon":{"url":"https:\/\/pubeurope.com\/@fr\/114565416445528521","error":""},"_links":{"self":[{"href":"https:\/\/www.europesays.com\/fr\/wp-json\/wp\/v2\/posts\/125660","targetHints":{"allow":["GET"]}}],"collection":[{"href":"https:\/\/www.europesays.com\/fr\/wp-json\/wp\/v2\/posts"}],"about":[{"href":"https:\/\/www.europesays.com\/fr\/wp-json\/wp\/v2\/types\/post"}],"author":[{"embeddable":true,"href":"https:\/\/www.europesays.com\/fr\/wp-json\/wp\/v2\/users\/2"}],"replies":[{"embeddable":true,"href":"https:\/\/www.europesays.com\/fr\/wp-json\/wp\/v2\/comments?post=125660"}],"version-history":[{"count":0,"href":"https:\/\/www.europesays.com\/fr\/wp-json\/wp\/v2\/posts\/125660\/revisions"}],"wp:featuredmedia":[{"embeddable":true,"href":"https:\/\/www.europesays.com\/fr\/wp-json\/wp\/v2\/media\/125661"}],"wp:attachment":[{"href":"https:\/\/www.europesays.com\/fr\/wp-json\/wp\/v2\/media?parent=125660"}],"wp:term":[{"taxonomy":"category","embeddable":true,"href":"https:\/\/www.europesays.com\/fr\/wp-json\/wp\/v2\/categories?post=125660"},{"taxonomy":"post_tag","embeddable":true,"href":"https:\/\/www.europesays.com\/fr\/wp-json\/wp\/v2\/tags?post=125660"}],"curies":[{"name":"wp","href":"https:\/\/api.w.org\/{rel}","templated":true}]}}