{"id":125670,"date":"2025-05-24T23:35:10","date_gmt":"2025-05-24T23:35:10","guid":{"rendered":"https:\/\/www.europesays.com\/fr\/125670\/"},"modified":"2025-05-24T23:35:10","modified_gmt":"2025-05-24T23:35:10","slug":"previsions-du-dimanche-25-mai-2025-7","status":"publish","type":"post","link":"https:\/\/www.europesays.com\/fr\/125670\/","title":{"rendered":"pr\u00e9visions du dimanche 25 mai 2025"},"content":{"rendered":"<p>\u00c0 Toulouse, les temp\u00e9ratures seront de 10\u00b0C au plus bas et de 22\u00b0C au maximum la journ\u00e9e. Un modeste vent de nord-ouest sera ressenti par les habitants. Le soleil appara\u00eet l\u00e9g\u00e8rement le matin. Ces \u00e9claircies devraient faire plaisir aux habitants. Le soleil sera dominant, la promesse d&rsquo;un magnifique apr\u00e8s-midi ! Les temp\u00e9ratures vont enregistrer une hausse de plusieurs degr\u00e9s. Les valeurs iront de 21 \u00e0 22\u00b0C. Les temp\u00e9ratures tourneront autour des 17\u00b0C au cours de la soir\u00e9e. Entre dimanche et lundi, la nuit sera claire.<\/p>\n<p>Demain, le soleil sera dissimul\u00e9 derri\u00e8re des nuages \u00e0 Toulouse, o\u00f9 le temps sera gris. Les valeurs s&rsquo;\u00e9chelonneront entre 11 et 20\u00b0C. Un vent de nord-ouest rafra\u00eechira quelque peu l&rsquo;atmosph\u00e8re. Les nuages en pr\u00e9vision le matin, et un ciel encore maussade. Il faudra anticiper des perturbations, les Toulousains se retrouveront sous des pluies \u00e9parses. On pr\u00e9voit des temp\u00e9ratures d&rsquo;environ 17\u00b0C. La m\u00e9t\u00e9o devrait s&rsquo;am\u00e9liorer durant l&rsquo;apr\u00e8s-midi. Il va faire en moyenne 20\u00b0C.<\/p>\n<p>Une am\u00e9lioration est \u00e0 pr\u00e9voir les jours qui suivent. Le temps sera ensoleill\u00e9 avec des temp\u00e9ratures avoisinant 18\u00b0C.<\/p>\n<p><\/p>\n","protected":false},"excerpt":{"rendered":"\u00c0 Toulouse, les temp\u00e9ratures seront de 10\u00b0C au plus bas et de 22\u00b0C au maximum la journ\u00e9e. Un&hellip;\n","protected":false},"author":2,"featured_media":125671,"comment_status":"","ping_status":"","sticky":false,"template":"","format":"standard","meta":{"footnotes":""},"categories":[2816],"tags":[1111,11,1777,674,1011,27,12,2680,2119,25,2312],"class_list":{"0":"post-125670","1":"post","2":"type-post","3":"status-publish","4":"format-standard","5":"has-post-thumbnail","7":"category-toulouse","8":"tag-actu","9":"tag-actualites","10":"tag-eu","11":"tag-europe","12":"tag-fr","13":"tag-france","14":"tag-news","15":"tag-occitanie","16":"tag-previsions-meteo","17":"tag-republique-francaise","18":"tag-toulouse"},"share_on_mastodon":{"url":"https:\/\/pubeurope.com\/@fr\/114565436489033372","error":""},"_links":{"self":[{"href":"https:\/\/www.europesays.com\/fr\/wp-json\/wp\/v2\/posts\/125670","targetHints":{"allow":["GET"]}}],"collection":[{"href":"https:\/\/www.europesays.com\/fr\/wp-json\/wp\/v2\/posts"}],"about":[{"href":"https:\/\/www.europesays.com\/fr\/wp-json\/wp\/v2\/types\/post"}],"author":[{"embeddable":true,"href":"https:\/\/www.europesays.com\/fr\/wp-json\/wp\/v2\/users\/2"}],"replies":[{"embeddable":true,"href":"https:\/\/www.europesays.com\/fr\/wp-json\/wp\/v2\/comments?post=125670"}],"version-history":[{"count":0,"href":"https:\/\/www.europesays.com\/fr\/wp-json\/wp\/v2\/posts\/125670\/revisions"}],"wp:featuredmedia":[{"embeddable":true,"href":"https:\/\/www.europesays.com\/fr\/wp-json\/wp\/v2\/media\/125671"}],"wp:attachment":[{"href":"https:\/\/www.europesays.com\/fr\/wp-json\/wp\/v2\/media?parent=125670"}],"wp:term":[{"taxonomy":"category","embeddable":true,"href":"https:\/\/www.europesays.com\/fr\/wp-json\/wp\/v2\/categories?post=125670"},{"taxonomy":"post_tag","embeddable":true,"href":"https:\/\/www.europesays.com\/fr\/wp-json\/wp\/v2\/tags?post=125670"}],"curies":[{"name":"wp","href":"https:\/\/api.w.org\/{rel}","templated":true}]}}