{"id":125674,"date":"2025-05-24T23:38:08","date_gmt":"2025-05-24T23:38:08","guid":{"rendered":"https:\/\/www.europesays.com\/fr\/125674\/"},"modified":"2025-05-24T23:38:08","modified_gmt":"2025-05-24T23:38:08","slug":"previsions-du-dimanche-25-mai-2025-8","status":"publish","type":"post","link":"https:\/\/www.europesays.com\/fr\/125674\/","title":{"rendered":"pr\u00e9visions du dimanche 25 mai 2025"},"content":{"rendered":"<p>Un splendide soleil brillera sur Marseille, o\u00f9 la journ\u00e9e sera des plus agr\u00e9ables. Les temp\u00e9ratures avoisineront les 19\u00b0C. Il fera environ 19\u00b0C, le matin. Un l\u00e9ger vent de nord sera ressenti par les habitants. Les maximales pourront atteindre 22\u00b0C dans l&rsquo;apr\u00e8s-midi alors que les minimales seront de 21\u00b0C. Dans la soir\u00e9e, les temp\u00e9ratures tourneront autour des 19\u00b0C. On s&rsquo;attend \u00e0 une nuit claire entre dimanche et lundi.<\/p>\n<p>Demain, un important soleil brillera sur Marseille. Le temps va se r\u00e9chauffer avec une augmentation de quelques degr\u00e9s. Les valeurs afficheront entre 18 et 23\u00b0C. Un vent de nord-ouest, atteignant 24 km\/h, soufflera. Demain apr\u00e8s-midi, le mercure affichera 23\u00b0C en moyenne. Demain soir, on pr\u00e9voit des temp\u00e9ratures d&rsquo;environ 21\u00b0C.<\/p>\n<p>Pour les jours qui suivent, la m\u00e9t\u00e9o ne changera pas. On pr\u00e9voit des journ\u00e9es ensoleill\u00e9es, avec des temp\u00e9ratures dans les 20\u00b0C en moyenne.<\/p>\n<p><\/p>\n","protected":false},"excerpt":{"rendered":"Un splendide soleil brillera sur Marseille, o\u00f9 la journ\u00e9e sera des plus agr\u00e9ables. Les temp\u00e9ratures avoisineront les 19\u00b0C.&hellip;\n","protected":false},"author":2,"featured_media":125675,"comment_status":"","ping_status":"","sticky":false,"template":"","format":"standard","meta":{"footnotes":""},"categories":[2814],"tags":[1111,11,1777,674,1011,27,884,12,2119,882,25],"class_list":{"0":"post-125674","1":"post","2":"type-post","3":"status-publish","4":"format-standard","5":"has-post-thumbnail","7":"category-marseille","8":"tag-actu","9":"tag-actualites","10":"tag-eu","11":"tag-europe","12":"tag-fr","13":"tag-france","14":"tag-marseille","15":"tag-news","16":"tag-previsions-meteo","17":"tag-provence-alpes-cote-dazur","18":"tag-republique-francaise"},"share_on_mastodon":{"url":"https:\/\/pubeurope.com\/@fr\/114565447870109020","error":""},"_links":{"self":[{"href":"https:\/\/www.europesays.com\/fr\/wp-json\/wp\/v2\/posts\/125674","targetHints":{"allow":["GET"]}}],"collection":[{"href":"https:\/\/www.europesays.com\/fr\/wp-json\/wp\/v2\/posts"}],"about":[{"href":"https:\/\/www.europesays.com\/fr\/wp-json\/wp\/v2\/types\/post"}],"author":[{"embeddable":true,"href":"https:\/\/www.europesays.com\/fr\/wp-json\/wp\/v2\/users\/2"}],"replies":[{"embeddable":true,"href":"https:\/\/www.europesays.com\/fr\/wp-json\/wp\/v2\/comments?post=125674"}],"version-history":[{"count":0,"href":"https:\/\/www.europesays.com\/fr\/wp-json\/wp\/v2\/posts\/125674\/revisions"}],"wp:featuredmedia":[{"embeddable":true,"href":"https:\/\/www.europesays.com\/fr\/wp-json\/wp\/v2\/media\/125675"}],"wp:attachment":[{"href":"https:\/\/www.europesays.com\/fr\/wp-json\/wp\/v2\/media?parent=125674"}],"wp:term":[{"taxonomy":"category","embeddable":true,"href":"https:\/\/www.europesays.com\/fr\/wp-json\/wp\/v2\/categories?post=125674"},{"taxonomy":"post_tag","embeddable":true,"href":"https:\/\/www.europesays.com\/fr\/wp-json\/wp\/v2\/tags?post=125674"}],"curies":[{"name":"wp","href":"https:\/\/api.w.org\/{rel}","templated":true}]}}