{"id":125689,"date":"2025-05-24T23:47:22","date_gmt":"2025-05-24T23:47:22","guid":{"rendered":"https:\/\/www.europesays.com\/fr\/125689\/"},"modified":"2025-05-24T23:47:22","modified_gmt":"2025-05-24T23:47:22","slug":"entre-critique-et-creation-les-artistes-posent-leurs-regards-sur-lia-au-jeu-de-paume-a-paris","status":"publish","type":"post","link":"https:\/\/www.europesays.com\/fr\/125689\/","title":{"rendered":"Entre critique et cr\u00e9ation, les artistes posent leurs regards sur l&rsquo;IA au Jeu de Paume \u00e0 Paris"},"content":{"rendered":"<p>\n                                                Plus de 40 artistes retracent dix ans de cr\u00e9ation inspir\u00e9e par l\u2019intelligence artificielle au Jeu de Paume avec la nouvelle exposition Le Monde selon l\u2019IA. Une exposition \u00e0 voir jusqu\u2019au 21 septembre qui questionne notre rapport \u00e0 l\u2019IA, son impact sur l\u2019art et sur notre fa\u00e7on de repr\u00e9senter le monde.                    <\/p>\n<p>Au Jeu de Paume, \u00e0 Paris, l&rsquo;<strong><a href=\"https:\/\/www.rfi.fr\/fr\/tag\/intelligence-artificielle\/\" target=\"_self\" rel=\"noopener\">intelligence artificielle<\/a><\/strong> (IA) est d\u00e9cortiqu\u00e9e par les artistes qui nous en montrent les aspects peu reluisants en les critiquant, mais aussi tentent de cr\u00e9er de nouveaux possibles en essayant de d\u00e9brider les IA. Dans cette exposition, il n&rsquo;est pas question d&rsquo;\u00eatre b\u00e9at face \u00e0 l&rsquo;intelligence artificielle, ses biais et ses limites. D\u00e8s l&rsquo;entr\u00e9e, la question de la ressource, entre l&rsquo;\u00e9nergie consomm\u00e9e pour les faire fonctionner ou l&rsquo;utilisation de minerai disponible en quantit\u00e9 limit\u00e9e. \u00c0 coup de grands diagrammes complexes prenant tout l&rsquo;espace des murs, on devine les quantit\u00e9s d&rsquo;\u00e9nergie n\u00e9cessaires rien que pour faire fonctionner une simple requ\u00eate sur Alexa.<\/p>\n<p>\u00ab Nous avons choisi des artistes qui ont une posture critique face \u00e0 l&rsquo;IA et face \u00e0 ces mod\u00e8les qui commencent \u00e0 d\u00e9velopper des capacit\u00e9s qui vont au-del\u00e0 des humains, d\u00e9clare\u00a0Antonio Somaini, enseignant-chercheur \u00e0 la Sorbonne et commissaire g\u00e9n\u00e9ral de cette exposition. L&rsquo;on entend souvent parler de l&rsquo;IA comme quelque chose qui d\u00e9veloppe une intelligence semblable \u00e0 celle des humains, mais l\u00e0, nous faisons face \u00e0 des mod\u00e8les qui font des choses dont, nous, les humains, ne sommes pas capables.\u00a0\u00bb<\/p>\n<p>Des biais occidentaux r\u00e9produits par l&rsquo;IA<\/p>\n<p>Des capacit\u00e9s qui d\u00e9passent celles de l\u2019humain, mais une base de donn\u00e9es aliment\u00e9e\u2026 par des humains. Le probl\u00e8me est que ce sont toujours les m\u00eames\u00a0: principalement des Occidentaux, ce qui cr\u00e9e des biais. Pour r\u00e9soudre ces probl\u00e8mes de biais culturels et ethniques, il faut alors enseigner \u00e0 l\u2019IA de nouveaux alphabets, de nouvelles langues, de nouvelles repr\u00e9sentations, tout cela en veillant \u00e0 ne pas reproduire les st\u00e9r\u00e9otypes. Avec Tongues, l\u2019artiste s\u00e9n\u00e9galo-libanaise, Linda Dounia Rebeiz a enseign\u00e9 \u00e0 l&rsquo;IA son propre mod\u00e8le d&rsquo;\u00e9criture as\u00e9mique, c&rsquo;est-\u00e0-dire d\u00e9nu\u00e9e de signification, et inspir\u00e9 de sept calligraphies de diff\u00e9rentes parties du monde, mais avec un focus sur les graphies africaines comme l&rsquo;amharique : \u00ab\u00a0L&rsquo;id\u00e9e derri\u00e8re \u00e9tait de montrer qu&rsquo;il y avait un biais pour l&rsquo;alphabet romain dans les mod\u00e8les d&rsquo;IA g\u00e9n\u00e9rative aujourd&rsquo;hui. Alors que dans un monde o\u00f9 il y a des milliers de langues \u00e9crites avec beaucoup de formes diff\u00e9rentes et jolies, je pensais que c&rsquo;\u00e9tait r\u00e9ductif ce que l&rsquo;on avait \u00e0 disposition.\u00a0\u00bb<\/p>\n<p>        <img decoding=\"async\" fetchpriority=\"low\" src=\"https:\/\/www.europesays.com\/fr\/wp-content\/uploads\/2025\/05\/Linda.PNG\" alt=\"\u00abTongues\u00bb de Linda Dounia Rebeiz, artiste s\u00e9n\u00e9galo-libanaise, expos\u00e9e \u00e0 Paris lors de \u00abLe monde selon l'IA\u00bb\"   style=\"max-height:478px\" loading=\"lazy\" class=\"m-figure__img lazy\"\/><\/p>\n<p>                \u00abTongues\u00bb de Linda Dounia Rebeiz, artiste s\u00e9n\u00e9galo-libanaise, expos\u00e9e \u00e0 Paris lors de \u00abLe monde selon l&rsquo;IA\u00bb                \u00a9 Yann Le Ny \/ RFI            <\/p>\n<p>        Effacement et tombe num\u00e9rique<\/p>\n<p>Dans cette m\u00eame critique des biais de l&rsquo;IA, l&rsquo;artiste am\u00e9ricano-saoudienne Nouf Aljowaysir avec son projet Salaf signifiant \u00ab\u00a0anc\u00eatre\u00a0\u00bb en arabe, qui critique les limitations des intelligences artificielles. Elle pointe les difficult\u00e9s des IA occidentales \u00e0 reconnaitre et bien nommer ce qu&rsquo;elles voient lorsque cette derni\u00e8re pr\u00e9sente des photos de ses anc\u00eatres b\u00e9douins. Pour elle, c&rsquo;est d\u00fb au fait que les donn\u00e9es utilis\u00e9es pour entra\u00eener les IA restituent les pr\u00e9jug\u00e9s coloniaux des archives europ\u00e9ennes qui ont \u00e9t\u00e9 exploit\u00e9es. Elle a ensuite utilis\u00e9 un mod\u00e8le d&rsquo;IA g\u00e9n\u00e9rative o\u00f9 les silhouettes des personnes sur les photos sont masqu\u00e9es par un filtre blanc, soulignant l&rsquo;effacement de la m\u00e9moire collective de ces anc\u00eatres par l&rsquo;IA.<\/p>\n<p>        <img decoding=\"async\" fetchpriority=\"low\" src=\"https:\/\/www.europesays.com\/fr\/wp-content\/uploads\/2025\/05\/6 Nouf Aljowaysir Man in arab costume 2020.png\" alt=\"Une \u0153uvre de Nouf Aljowaysir expos\u00e9 \u00e0 \u00abLe monde selon l'IA\u00bb au Jeu de Paume \u00e0 Paris.\"   style=\"max-height:1077px\" loading=\"lazy\" class=\"m-figure__img lazy\"\/><\/p>\n<p>                Une \u0153uvre de Nouf Aljowaysir expos\u00e9 \u00e0 \u00abLe monde selon l&rsquo;IA\u00bb au Jeu de Paume \u00e0 Paris.                \u00a9 Nouf Aljowaysir            <\/p>\n<p>L&rsquo;intelligence artificielle ouvre aussi la voie \u00e0 des cr\u00e9ations plus philosophiques et artistiques. Pour son \u0153uvre La Quatri\u00e8me M\u00e9moire, Gr\u00e9gory Chatonsky a reproduit une s\u00e9pulture o\u00f9 l&rsquo;on voit un gisant \u00e0 plat ventre et un film g\u00e9n\u00e9r\u00e9 en temps r\u00e9el par IA : \u00ab Cette installation, c&rsquo;est ma tombe. C&rsquo;est un projet tr\u00e8s personnel. Mais ce n&rsquo;est pas la vie factuelle que j&rsquo;ai v\u00e9cue. C&rsquo;est tout ce que je n&rsquo;ai pas v\u00e9cu, c&rsquo;est ma vie possible. L&rsquo;intelligence artificielle g\u00e9n\u00e9rative g\u00e9n\u00e8re des documents qui nous ressemblent, des choses qui n&rsquo;existent pas, mais qui sont vraisemblables. Et donc, je me suis dit que la tombe du futur pourrait poursuivre notre m\u00e9moire pour la rendre \u00e9ternelle, un peu comme l&rsquo;ont fait les \u00c9gyptiens avec les pyramides.\u00a0\u00bb<\/p>\n<p>Si l\u2019intelligence artificielle peut \u00eatre un formidable outil de cr\u00e9ation et d\u2019innovation, elle reste le reflet de ceux qui la nourrissent. Sans prise en compte de la diversit\u00e9, elle risque de reproduire, voire d\u2019amplifier, les biais du monde r\u00e9el. \u00c0 nous donc de l\u2019appr\u00e9hender autrement.<\/p>\n<p class=\"o-em-consent__content__text\">Pour afficher ce contenu , il est n\u00e9cessaire d&rsquo;autoriser les cookies de mesure d&rsquo;audience et de publicit\u00e9.<\/p>\n<p>        Accepter<br \/>\n        G\u00e9rer mes choix<\/p>\n<p class=\"a-read-more\">\u00c0 lire aussi<a href=\"https:\/\/www.rfi.fr\/fr\/podcasts\/reportage-france\/20250210-le-monde-du-doublage-en-col\u00e8re-et-inquiets-face-aux-d\u00e9rives-de-l-ia\" target=\"_self\" class=\"a-read-more__link\" rel=\"noopener\">Le monde du doublage en col\u00e8re et inquiet face aux d\u00e9rives de l&rsquo;IA<\/a><\/p>\n","protected":false},"excerpt":{"rendered":"Plus de 40 artistes retracent dix ans de cr\u00e9ation inspir\u00e9e par l\u2019intelligence artificielle au Jeu de Paume avec&hellip;\n","protected":false},"author":2,"featured_media":125690,"comment_status":"","ping_status":"","sticky":false,"template":"","format":"standard","meta":{"footnotes":""},"categories":[1888],"tags":[11,1348,251,1777,674,3293,1011,27,223,12,626,3292,25],"class_list":{"0":"post-125689","1":"post","2":"type-post","3":"status-publish","4":"format-standard","5":"has-post-thumbnail","7":"category-paris","8":"tag-actualites","9":"tag-arts","10":"tag-culture","11":"tag-eu","12":"tag-europe","13":"tag-exposition","14":"tag-fr","15":"tag-france","16":"tag-intelligence-artificielle","17":"tag-news","18":"tag-paris","19":"tag-reportage-culture","20":"tag-republique-francaise"},"share_on_mastodon":{"url":"https:\/\/pubeurope.com\/@fr\/114565483582302981","error":""},"_links":{"self":[{"href":"https:\/\/www.europesays.com\/fr\/wp-json\/wp\/v2\/posts\/125689","targetHints":{"allow":["GET"]}}],"collection":[{"href":"https:\/\/www.europesays.com\/fr\/wp-json\/wp\/v2\/posts"}],"about":[{"href":"https:\/\/www.europesays.com\/fr\/wp-json\/wp\/v2\/types\/post"}],"author":[{"embeddable":true,"href":"https:\/\/www.europesays.com\/fr\/wp-json\/wp\/v2\/users\/2"}],"replies":[{"embeddable":true,"href":"https:\/\/www.europesays.com\/fr\/wp-json\/wp\/v2\/comments?post=125689"}],"version-history":[{"count":0,"href":"https:\/\/www.europesays.com\/fr\/wp-json\/wp\/v2\/posts\/125689\/revisions"}],"wp:featuredmedia":[{"embeddable":true,"href":"https:\/\/www.europesays.com\/fr\/wp-json\/wp\/v2\/media\/125690"}],"wp:attachment":[{"href":"https:\/\/www.europesays.com\/fr\/wp-json\/wp\/v2\/media?parent=125689"}],"wp:term":[{"taxonomy":"category","embeddable":true,"href":"https:\/\/www.europesays.com\/fr\/wp-json\/wp\/v2\/categories?post=125689"},{"taxonomy":"post_tag","embeddable":true,"href":"https:\/\/www.europesays.com\/fr\/wp-json\/wp\/v2\/tags?post=125689"}],"curies":[{"name":"wp","href":"https:\/\/api.w.org\/{rel}","templated":true}]}}