{"id":12569,"date":"2025-04-09T12:08:09","date_gmt":"2025-04-09T12:08:09","guid":{"rendered":"https:\/\/www.europesays.com\/fr\/12569\/"},"modified":"2025-04-09T12:08:09","modified_gmt":"2025-04-09T12:08:09","slug":"hugues-moutouh-prefet-des-alpes-maritimes-serait-sur-le-depart","status":"publish","type":"post","link":"https:\/\/www.europesays.com\/fr\/12569\/","title":{"rendered":"Hugues Moutouh, pr\u00e9fet des Alpes-Maritimes, serait sur le d\u00e9part"},"content":{"rendered":"<p>Hugues Moutouh, pr\u00e9fet des Alpes-Maritimes depuis septembre 2023 devrait quitter ses fonctions prochainement. Il doit \u00eatre nomm\u00e9 secr\u00e9taire g\u00e9n\u00e9ral du minist\u00e8re de l\u2019Int\u00e9rieur lors du conseil des ministres, ce mercredi.<\/p>\n<p>Hugues Moutouh, 57 ans, devrait \u00eatre remplac\u00e9 par Pascal Bolot, actuel pr\u00e9fet du Morbihan.<\/p>\n<p>Ma\u00eetre de conf\u00e9rences \u00e0 l\u2019universit\u00e9 de Bordeaux IV et \u00e0 l\u2019IEP de Bordeaux \u00e0 30 ans, puis professeur de droit public \u00e0 l\u2019universit\u00e9 de Caen, il a int\u00e9gr\u00e9 par la suite plusieurs cabinets minist\u00e9riels sous les gouvernements Raffarin.<\/p>\n<p>Conseiller technique au cabinet du ministre de l\u2019Int\u00e9rieur Nicolas Sarkozy, en 2005, puis directeur de cabinet du secr\u00e9taire d\u2019\u00c9tat charg\u00e9 des sports Bernard Laporte, Hugues Moutouh est nomm\u00e9, en 2010, pr\u00e9fet de la Creuse.<\/p>\n<p>En janvier 2011, il devient conseiller pour les affaires juridiques et institutionnelles au cabinet du pr\u00e9sident de la R\u00e9publique, Nicolas Sarkozy<\/p>\n<p><strong>\u00ab\u00a0Deux claques et au lit\u00a0\u00bb<\/strong><\/p>\n<p>Hugues Moutouh int\u00e8gre le priv\u00e9 apr\u00e8s l\u2019\u00e9lection de Fran\u00e7ois Hollande en 2012. Il sera avocat au barreau de Paris, directeur g\u00e9n\u00e9ral d\u00e9l\u00e9gu\u00e9 du groupe ECORE, leader du recyclage en Europe, puis pr\u00e9sident de l\u2019entreprise Kairos Advisory, sp\u00e9cialis\u00e9e dans le conseil aux entreprises.<\/p>\n<p>En mars 2019, il retourne au sein de la haute fonction publique pour devenir pr\u00e9fet de la Dr\u00f4me. En juillet 2021, il prend ses fonctions de pr\u00e9fet de l\u2019H\u00e9rault.<\/p>\n<p>Sa formule \u00ab\u00a0deux claques et au lit\u00a0\u00bb, en 2023, \u00e0 propos de jeunes \u00e9meutiers \u00e0 Montpellier et B\u00e9ziers lui donnera une certaine notori\u00e9t\u00e9 et une r\u00e9putation de pr\u00e9fet \u00e0 poigne.<\/p>\n<p>Son ann\u00e9e et demie dans les Alpes-Maritimes a \u00e9t\u00e9 marqu\u00e9e notamment par des relations difficiles avec le maire de Nice Christian Estrosi.<\/p>\n","protected":false},"excerpt":{"rendered":"Hugues Moutouh, pr\u00e9fet des Alpes-Maritimes depuis septembre 2023 devrait quitter ses fonctions prochainement. Il doit \u00eatre nomm\u00e9 secr\u00e9taire&hellip;\n","protected":false},"author":2,"featured_media":12570,"comment_status":"","ping_status":"","sticky":false,"template":"","format":"standard","meta":{"footnotes":""},"categories":[2819],"tags":[1111,11,1777,674,1011,27,12,2401,882,25,3366],"class_list":{"0":"post-12569","1":"post","2":"type-post","3":"status-publish","4":"format-standard","5":"has-post-thumbnail","7":"category-nice","8":"tag-actu","9":"tag-actualites","10":"tag-eu","11":"tag-europe","12":"tag-fr","13":"tag-france","14":"tag-news","15":"tag-nice","16":"tag-provence-alpes-cote-dazur","17":"tag-republique-francaise","18":"tag-vie-locale"},"share_on_mastodon":{"url":"https:\/\/pubeurope.com\/@fr\/114307930809647180","error":""},"_links":{"self":[{"href":"https:\/\/www.europesays.com\/fr\/wp-json\/wp\/v2\/posts\/12569","targetHints":{"allow":["GET"]}}],"collection":[{"href":"https:\/\/www.europesays.com\/fr\/wp-json\/wp\/v2\/posts"}],"about":[{"href":"https:\/\/www.europesays.com\/fr\/wp-json\/wp\/v2\/types\/post"}],"author":[{"embeddable":true,"href":"https:\/\/www.europesays.com\/fr\/wp-json\/wp\/v2\/users\/2"}],"replies":[{"embeddable":true,"href":"https:\/\/www.europesays.com\/fr\/wp-json\/wp\/v2\/comments?post=12569"}],"version-history":[{"count":0,"href":"https:\/\/www.europesays.com\/fr\/wp-json\/wp\/v2\/posts\/12569\/revisions"}],"wp:featuredmedia":[{"embeddable":true,"href":"https:\/\/www.europesays.com\/fr\/wp-json\/wp\/v2\/media\/12570"}],"wp:attachment":[{"href":"https:\/\/www.europesays.com\/fr\/wp-json\/wp\/v2\/media?parent=12569"}],"wp:term":[{"taxonomy":"category","embeddable":true,"href":"https:\/\/www.europesays.com\/fr\/wp-json\/wp\/v2\/categories?post=12569"},{"taxonomy":"post_tag","embeddable":true,"href":"https:\/\/www.europesays.com\/fr\/wp-json\/wp\/v2\/tags?post=12569"}],"curies":[{"name":"wp","href":"https:\/\/api.w.org\/{rel}","templated":true}]}}