{"id":125696,"date":"2025-05-24T23:50:08","date_gmt":"2025-05-24T23:50:08","guid":{"rendered":"https:\/\/www.europesays.com\/fr\/125696\/"},"modified":"2025-05-24T23:50:08","modified_gmt":"2025-05-24T23:50:08","slug":"etats-unis-pourquoi-des-libertariens-sont-vent-debout-contre-les-mesures-de-donald-trump","status":"publish","type":"post","link":"https:\/\/www.europesays.com\/fr\/125696\/","title":{"rendered":"\u00c9tats-Unis: pourquoi des libertariens sont vent debout contre les mesures de Donald Trump"},"content":{"rendered":"<p>\n                                                Le Parti r\u00e9publicain regroupe actuellement diff\u00e9rents courants de pens\u00e9es conservateurs aux \u00c9tats-Unis avec une partie qui se reconnait comme libertarienne. Une id\u00e9ologie souvent assimil\u00e9e aux conservateurs, pourtant, elle s\u2019y oppose sur de nombreux points. Rencontre avec des libertariens de la ville de Mount Washington, dans le Kentucky, pour voir ce qu\u2019ils pensent de la politique du pr\u00e9sident Donald Trump.                    <\/p>\n<p>De notre envoy\u00e9 sp\u00e9cial \u00e0 Mount Washington,<\/p>\n<p>Trois personnes terminent la r\u00e9union mensuelle du parti <strong><a target=\"_self\" href=\"https:\/\/www.rfi.fr\/fr\/am\u00e9riques\/20241003-ayn-rand-pr\u00e9curseuse-du-libertarisme-et-ic\u00f4ne-dans-la-tech-am\u00e9ricaine\" rel=\"nofollow noopener\">libertarien<\/a><\/strong> local, dans une salle de cette biblioth\u00e8que publique. Un des points de d\u00e9saccord avec les r\u00e9publicains est la place qu\u2019occupe <strong><a target=\"_self\" href=\"https:\/\/www.rfi.fr\/fr\/podcasts\/religions-du-monde\/20241101-\u00e9lections-am\u00e9ricaines-quel-poids-du-religieux-dans-le-choix-des-\u00e9lecteurs\" rel=\"nofollow noopener\">la religion dans la politique<\/a><\/strong>, comme l\u2019explique Steve, le pr\u00e9sident du parti libertarien local :\u00a0\u00ab Je me consid\u00e8re comme un chr\u00e9tien anarchiste. Ce qui veut dire que chacun devrait vivre la vie que Dieu a pr\u00e9vue pour lui et le gouvernement ne devrait pas nous dire comment faire cela. Le gouvernement ne doit avoir aucun r\u00f4le dans la vie des personnes, ce que les gens font ne nous regarde pas. \u00bb<\/p>\n<p>De nombreux \u00c9tats conservateurs, comme ici dans le Kentucky, ont interdit ou r\u00e9duit<strong><a target=\"_self\" href=\"https:\/\/www.rfi.fr\/fr\/am\u00e9riques\/20241106-etats-unis-droit-avortement-referendumn-consolid\u00e9-dans-plusieurs-\u00e9tats\" rel=\"nofollow noopener\"> l\u2019acc\u00e8s \u00e0 l\u2019avortement<\/a><\/strong>, citant notamment des raisons religieuses. Un argument auquel Steve s\u2019oppose\u00a0: \u00ab Je ne suis pas en faveur de l\u2019avortement, je n\u2019aime pas \u00e7a. Mais s\u2019il existe une clinique d\u2019avortement et une personne estime qu\u2019elle a besoin d\u2019y aller, je peux d\u00e9tourner le regard, car la derni\u00e8re chose qu\u2019on veut, c&rsquo;est la cr\u00e9ation d\u2019un march\u00e9 noir. \u00bb<\/p>\n<p>Diminuer le r\u00f4le du gouvernement\u00a0<\/p>\n<p>Autre point de d\u00e9saccord\u00a0: la <strong><a target=\"_self\" href=\"https:\/\/www.rfi.fr\/fr\/afrique\/20250126-l-offensive-anti-immigration-du-pr\u00e9sident-trump-inqui\u00e8te-les-migrants-africains-aux-\u00e9tats-unis\" rel=\"nofollow noopener\">politique anti-immigration<\/a><\/strong> des r\u00e9publicains contraire aux valeurs de Mitch\u00a0: \u00ab Je suis pour l\u2019ouverture des fronti\u00e8res. Je n\u2019ai aucun probl\u00e8me \u00e0 ce que les gens entrent dans ce pays. C\u2019est ce que tout le monde a fait quand ce pays a \u00e9t\u00e9 cr\u00e9\u00e9. Et je pense que c\u2019est formidable d\u2019avoir un groupe vari\u00e9 de personnes avec des id\u00e9es et des cultures diff\u00e9rentes. C\u2019est une chose g\u00e9niale. Essayer de renvoyer la moiti\u00e9 de la population ou je ne sais combien, on s\u2019en fiche. \u00bb<\/p>\n<p>Une des revendications principales des libertariens est de diminuer le r\u00f4le du gouvernement, ce que fait <strong><a target=\"_self\" href=\"https:\/\/www.rfi.fr\/fr\/tag\/donald-trump\/\" rel=\"nofollow noopener\">Donald Trump<\/a><\/strong> avec ses coupes budg\u00e9taires drastiques et ses <strong><a target=\"_self\" href=\"https:\/\/www.rfi.fr\/fr\/am\u00e9riques\/20250312-le-minist\u00e8re-am\u00e9ricain-de-l-education-licencie-pr\u00e8s-de-la-moiti\u00e9-de-son-personnel\" rel=\"nofollow noopener\">licenciements de fonctionnaires<\/a><\/strong>. Mais la fa\u00e7on dont le pr\u00e9sident proc\u00e8de n\u2019est pas la bonne pour Rhonda : \u00ab Je pense qu\u2019on doit examiner chaque partie de l\u2019administration pour voir o\u00f9 l\u2019on peut faire ces changements. Mais arriver avec un bulldozer en renvoyant tout le monde et retirant des ressources du peuple am\u00e9ricain n\u2019est pas la bonne fa\u00e7on de le faire. \u00bb<\/p>\n<p>Les trois personnes s\u2019opposent \u00e9galement au syst\u00e8me politique am\u00e9ricain domin\u00e9 par les deux partis &#8211; -r\u00e9publicain et d\u00e9mocrate &#8211; et regrettent le manque d\u2019alternatives politiques.<\/p>\n","protected":false},"excerpt":{"rendered":"Le Parti r\u00e9publicain regroupe actuellement diff\u00e9rents courants de pens\u00e9es conservateurs aux \u00c9tats-Unis avec une partie qui se reconnait&hellip;\n","protected":false},"author":2,"featured_media":125697,"comment_status":"","ping_status":"","sticky":false,"template":"","format":"standard","meta":{"footnotes":""},"categories":[1589],"tags":[11,782,75,73,1866,12,2436,1864,1865,1863,308],"class_list":{"0":"post-125696","1":"post","2":"type-post","3":"status-publish","4":"format-standard","5":"has-post-thumbnail","7":"category-etats-unis","8":"tag-actualites","9":"tag-ameriques","10":"tag-donald-trump","11":"tag-etats-unis","12":"tag-etats-unis-damerique","13":"tag-news","14":"tag-reportage-international","15":"tag-united-states","16":"tag-united-states-of-america","17":"tag-us","18":"tag-usa"},"share_on_mastodon":{"url":"https:\/\/pubeurope.com\/@fr\/114565495179693987","error":""},"_links":{"self":[{"href":"https:\/\/www.europesays.com\/fr\/wp-json\/wp\/v2\/posts\/125696","targetHints":{"allow":["GET"]}}],"collection":[{"href":"https:\/\/www.europesays.com\/fr\/wp-json\/wp\/v2\/posts"}],"about":[{"href":"https:\/\/www.europesays.com\/fr\/wp-json\/wp\/v2\/types\/post"}],"author":[{"embeddable":true,"href":"https:\/\/www.europesays.com\/fr\/wp-json\/wp\/v2\/users\/2"}],"replies":[{"embeddable":true,"href":"https:\/\/www.europesays.com\/fr\/wp-json\/wp\/v2\/comments?post=125696"}],"version-history":[{"count":0,"href":"https:\/\/www.europesays.com\/fr\/wp-json\/wp\/v2\/posts\/125696\/revisions"}],"wp:featuredmedia":[{"embeddable":true,"href":"https:\/\/www.europesays.com\/fr\/wp-json\/wp\/v2\/media\/125697"}],"wp:attachment":[{"href":"https:\/\/www.europesays.com\/fr\/wp-json\/wp\/v2\/media?parent=125696"}],"wp:term":[{"taxonomy":"category","embeddable":true,"href":"https:\/\/www.europesays.com\/fr\/wp-json\/wp\/v2\/categories?post=125696"},{"taxonomy":"post_tag","embeddable":true,"href":"https:\/\/www.europesays.com\/fr\/wp-json\/wp\/v2\/tags?post=125696"}],"curies":[{"name":"wp","href":"https:\/\/api.w.org\/{rel}","templated":true}]}}