{"id":125708,"date":"2025-05-24T23:56:08","date_gmt":"2025-05-24T23:56:08","guid":{"rendered":"https:\/\/www.europesays.com\/fr\/125708\/"},"modified":"2025-05-24T23:56:08","modified_gmt":"2025-05-24T23:56:08","slug":"neuf-enfants-dun-couple-de-medecins-carbonises-apres-une-frappe-israelienne","status":"publish","type":"post","link":"https:\/\/www.europesays.com\/fr\/125708\/","title":{"rendered":"Neuf enfants d\u2019un couple de m\u00e9decins \u00ab\u00a0carbonis\u00e9s\u00a0\u00bb apr\u00e8s une frappe isra\u00e9lienne"},"content":{"rendered":"<p>Ils avaient dix enfants, il n\u2019en reste qu\u2019un. Une frappe isra\u00e9lienne a tu\u00e9 neuf enfants d\u2019un couple de m\u00e9decin palestinien ce samedi, selon la D\u00e9fense civile de la bande de <a href=\"https:\/\/www.20minutes.fr\/monde\/gaza\/\" target=\"_blank\" class=\"color-ultramarine c-link\" rel=\"noopener\">Gaza<\/a>.<\/p>\n<p>L\u2019<a href=\"https:\/\/www.20minutes.fr\/dossier\/armee_israelienne\" target=\"_blank\" class=\"color-ultramarine c-link\" rel=\"noopener\">arm\u00e9e isra\u00e9lienne<\/a> a indiqu\u00e9 \u00e0 l\u2019AFP qu\u2019un de ses a\u00e9ronefs avait \u00ab\u00a0frapp\u00e9 plusieurs individus soup\u00e7onn\u00e9s d\u2019op\u00e9rer depuis une structure adjacente\u00a0\u00bb \u00e0 des soldats dans cette zone. \u00ab\u00a0L\u2019affirmation concernant les dommages caus\u00e9s \u00e0 des civils non impliqu\u00e9s est en cours d\u2019examen\u00a0\u00bb, a ajout\u00e9 un porte-parole militaire.<\/p>\n<\/p>\n<p>\u00ab\u00a0Hier, vendredi 23\u00a0mai 2025, nos \u00e9quipes ont transf\u00e9r\u00e9 [\u00e0 l\u2019h\u00f4pital] les corps de 9 enfants martyrs, dont certains \u00e9taient carbonis\u00e9s, de la maison du Dr Hamdi Al-Najjar et de son \u00e9pouse, Dr Alaa Al-Najjar\u00a0\u00bb, a d\u00e9clar\u00e9 \u00e0 l\u2019AFP Mahmoud Bassal, porte-parole de la D\u00e9fense civile \u00e0 Gaza, selon qui \u00ab\u00a0l\u2019occupation isra\u00e9lienne a cibl\u00e9 [leur] maison [\u2026] dans le quartier Gizan Al-Najjar \u00e0 Khan Youn\u00e8s\u00a0\u00bb.<\/p>\n<p>La frappe a eu lieu vers midi vendredi, a indiqu\u00e9 Mahmoud Bassal, pr\u00e9cisant que le Dr Hamdi al-Najjar et leur dixi\u00e8me enfant, Adam, \u00e9taient tous deux \u00ab\u00a0gri\u00e8vement\u00a0\u00bb bless\u00e9s. Selon l\u2019h\u00f4pital al-Nasser de Khan Youn\u00e8s, le seul enfant survivant de la fratrie est \u00e2g\u00e9 de 10 ans.<\/p>\n<p>\u00ab\u00a0Cibles terroristes\u00a0\u00bb<\/p>\n<p>La D\u00e9fense civile a publi\u00e9 une vid\u00e9o montrant ce qu\u2019elle pr\u00e9sente comme ses secouristes fouillant les d\u00e9combres de la maison apr\u00e8s la frappe. On les voit d\u2019abord \u00e9teindre un incendie avant de r\u00e9cup\u00e9rer plusieurs corps carbonis\u00e9s d\u2019enfants. Les fun\u00e9railles des enfants ont eu lieu \u00e0 l\u2019h\u00f4pital Nasser, selon des images de l\u2019AFP.<\/p>\n<p><a href=\"https:\/\/www.20minutes.fr\/monde\/gaza\/\" target=\"_blank\" class=\"c-link c-btn c-btn--primary\" rel=\"noopener\">Nos articles sur la bande de Gaza<\/a><\/p>\n<p>Mahmoud Bassal avait indiqu\u00e9 plus t\u00f4t qu&rsquo;\u00ab\u00a0au moins 15 Palestiniens dont des femmes et des enfants avaient p\u00e9ri dans les frappes isra\u00e9liennes\u00a0\u00bb samedi <a href=\"https:\/\/www.20minutes.fr\/monde\/4153765-20250515-gaza-plus-centaine-morts-nouveaux-bombardements-israeliens\" target=\"_blank\" class=\"color-ultramarine c-link\" rel=\"noopener\">dans la bande de Gaza<\/a>, o\u00f9 les quelque 2,4\u00a0millions d\u2019habitants sont confront\u00e9s \u00e0 de <a href=\"https:\/\/www.20minutes.fr\/monde\/israel\/4155040-20250523-gaza-plus-2-millions-personnes-trouvent-danger-mort-imminente-alerte-oms\" target=\"_blank\" class=\"color-ultramarine c-link\" rel=\"noopener\">graves p\u00e9nuries d\u2019eau<\/a>, de nourriture et de m\u00e9dicaments.<\/p>\n<p>L\u2019arm\u00e9e isra\u00e9lienne a affirm\u00e9 que ses troupes avaient ces derni\u00e8res 24 heures \u00ab\u00a0\u00e9limin\u00e9 des terroristes et d\u00e9mantel\u00e9 des infrastructures terroristes y compris souterraines\u00a0\u00bb \u00e0 Gaza. L\u2019arm\u00e9e de l\u2019air \u00ab\u00a0a frapp\u00e9 plus de 100 cibles terroristes\u00a0\u00bb.<\/p>\n","protected":false},"excerpt":{"rendered":"Ils avaient dix enfants, il n\u2019en reste qu\u2019un. Une frappe isra\u00e9lienne a tu\u00e9 neuf enfants d\u2019un couple de&hellip;\n","protected":false},"author":2,"featured_media":125709,"comment_status":"","ping_status":"","sticky":false,"template":"","format":"standard","meta":{"footnotes":""},"categories":[2],"tags":[47,11,3259,1011,27,665,3519,664,74,12,7612,25],"class_list":{"0":"post-125708","1":"post","2":"type-post","3":"status-publish","4":"format-standard","5":"has-post-thumbnail","7":"category-actualites","8":"tag-actualite","9":"tag-actualites","10":"tag-conflit-israelo-palestinien","11":"tag-fr","12":"tag-france","13":"tag-gaza","14":"tag-hamas","15":"tag-israel","16":"tag-monde","17":"tag-news","18":"tag-proche-orient","19":"tag-republique-francaise"},"share_on_mastodon":{"url":"https:\/\/pubeurope.com\/@fr\/114565518709839528","error":""},"_links":{"self":[{"href":"https:\/\/www.europesays.com\/fr\/wp-json\/wp\/v2\/posts\/125708","targetHints":{"allow":["GET"]}}],"collection":[{"href":"https:\/\/www.europesays.com\/fr\/wp-json\/wp\/v2\/posts"}],"about":[{"href":"https:\/\/www.europesays.com\/fr\/wp-json\/wp\/v2\/types\/post"}],"author":[{"embeddable":true,"href":"https:\/\/www.europesays.com\/fr\/wp-json\/wp\/v2\/users\/2"}],"replies":[{"embeddable":true,"href":"https:\/\/www.europesays.com\/fr\/wp-json\/wp\/v2\/comments?post=125708"}],"version-history":[{"count":0,"href":"https:\/\/www.europesays.com\/fr\/wp-json\/wp\/v2\/posts\/125708\/revisions"}],"wp:featuredmedia":[{"embeddable":true,"href":"https:\/\/www.europesays.com\/fr\/wp-json\/wp\/v2\/media\/125709"}],"wp:attachment":[{"href":"https:\/\/www.europesays.com\/fr\/wp-json\/wp\/v2\/media?parent=125708"}],"wp:term":[{"taxonomy":"category","embeddable":true,"href":"https:\/\/www.europesays.com\/fr\/wp-json\/wp\/v2\/categories?post=125708"},{"taxonomy":"post_tag","embeddable":true,"href":"https:\/\/www.europesays.com\/fr\/wp-json\/wp\/v2\/tags?post=125708"}],"curies":[{"name":"wp","href":"https:\/\/api.w.org\/{rel}","templated":true}]}}