{"id":125720,"date":"2025-05-25T00:05:11","date_gmt":"2025-05-25T00:05:11","guid":{"rendered":"https:\/\/www.europesays.com\/fr\/125720\/"},"modified":"2025-05-25T00:05:11","modified_gmt":"2025-05-25T00:05:11","slug":"le-cc-etupes-a-releve-la-tete-actualite","status":"publish","type":"post","link":"https:\/\/www.europesays.com\/fr\/125720\/","title":{"rendered":"Le CC Etupes a relev\u00e9 la t\u00eate &#8211; Actualit\u00e9"},"content":{"rendered":"<p style=\"text-align: justify;\">Le CC Etupes a redress\u00e9 la barre, ce samedi, au Tour de la Manche. Apr\u00e8s une premi\u00e8re partie d\u00e9licate, la N1 franc-comtoise a plac\u00e9 ses pions aux avant-postes \u00e0 Sourdeval (<strong><a href=\"https:\/\/www.directvelo.com\/actualite\/120878\/tour-de-la-manche-et-4-clement-guilbert-1er\" target=\"_blank\" rel=\"noopener\">voir classement<\/a><\/strong>). \u00ab\u00a0On ne passe pas loin, donc on est content parce qu&rsquo;on rel\u00e8ve le niveau par rapport aux deux premiers jours o\u00f9 on n&rsquo;a pas \u00e9t\u00e9 \u00e0 la hauteur\u00a0\u00bb, estime Victor Vidal, au pied du podium sur cette quatri\u00e8me \u00e9tape, et qui retrouve le sourire. \u00ab\u00a0On avait plusieurs cartouches, mais malheureusement on a perdu les 40 secondes le premier jour, on n&rsquo;\u00e9tait pas dans les 19 de devant et on a mal r\u00e9agi. En plus on n&rsquo;est pas trop des sp\u00e9cialistes chrono, plus l&rsquo;\u00e9tape neutralis\u00e9e, il n&rsquo;y a rien qui nous a aid\u00e9s. Donc l\u00e0 franchement \u00e7a nous fait du bien\u00a0\u00bb.<\/p>\n<p>Cette fois, le CC Etupes avait pris la course par le bon bout en pla\u00e7ant Thibault Walliang et Ben Askey dans l&rsquo;\u00e9chapp\u00e9e. \u00ab\u00a0Durant les derniers 70 kilom\u00e8tres, c&rsquo;\u00e9tait juste des attaques. On ne s&rsquo;entendait pas. C&rsquo;est pour \u00e7a que l&rsquo;\u00e9cart s&rsquo;est r\u00e9duit comme \u00e7a. Alors qu&rsquo;on avait 6 minutes \u00e0 un moment. Apr\u00e8s il n&rsquo;y en avait plus que deux sur le circuit. Je me disais que \u00e7a serait chaud\u00a0\u00bb, raconte le Britannique. Alors \u00ab\u00a0tranquillement dans le peloton\u00a0\u00bb, Victor Vidal d\u00e9cide de saisir l&rsquo;occasion de faire le jump. \u00ab\u00a0Pour nous c&rsquo;\u00e9tait royal. On n&rsquo;avait pas de classement g\u00e9n\u00e9ral particulier \u00e0 d\u00e9fendre, donc on a attendu le circuit final pour voir ce qu&rsquo;il se passait. Avec l&rsquo;\u00e9cart qui se r\u00e9duisait, j&rsquo;ai pens\u00e9 que \u00e7a pouvait jumper \u00e0 un moment donn\u00e9. Du coup dans l&rsquo;avant-derni\u00e8re bosse, j&rsquo;ai attaqu\u00e9\u00a0\u00bb.<\/p>\n<p>Mais puisque c&rsquo;est une arriv\u00e9e en groupe qui se profile, Ben Askey reprend l&rsquo;\u00e9tiquette de leader. \u00ab\u00a0Je savais que si je pouvais \u00eatre l\u00e0, j&rsquo;avais une carte \u00e0 jouer au sprint. Ce sont plut\u00f4t les mecs costauds en bosse qui ont fait le jump\u00a0\u00bb. D&rsquo;autant que lui-m\u00eame n&rsquo;est pas maladroit dans les mont\u00e9es. \u00ab\u00a0Je suis assez punchy. Tant que ce ne sont pas des montagnes, je peux passer\u00a0\u00bb. Il a donc logiquement pu tenter sa chance au sprint&#8230; Mais Cl\u00e9ment Guilbert (Moyon Percy Manche Normandie) avait anticip\u00e9. \u00ab\u00a0J&rsquo;\u00e9tais trop loin, il manque 100 m\u00e8tres. Je suis tr\u00e8s satisfait mais on voulait gagner. Je suis arriv\u00e9 avec beaucoup de vitesse, mais j&rsquo;ai lanc\u00e9 trop tard. Je pense que c&rsquo;\u00e9tait la gagne sinon, mais c&rsquo;est comme \u00e7a. J&rsquo;avais les bonnes jambes et j&rsquo;\u00e9tais \u00e0 l&rsquo;attaque\u00a0\u00bb. De bon augure avant le dernier acte. \u00ab\u00a0On va viser la gagne pour l&rsquo;\u00e9quipe. On est de plus en plus forts chaque jour\u00a0\u00bb. Alors attention aux maillots oranges ce dimanche.<\/p>\n","protected":false},"excerpt":{"rendered":"Le CC Etupes a redress\u00e9 la barre, ce samedi, au Tour de la Manche. Apr\u00e8s une premi\u00e8re partie&hellip;\n","protected":false},"author":2,"featured_media":125721,"comment_status":"","ping_status":"","sticky":false,"template":"","format":"standard","meta":{"footnotes":""},"categories":[1411],"tags":[834,828,836,829,837,827,83,826,824,823,1154,207,814,817,815,816,822,821,832,211,839,1011,27,820,818,819,835,831,830,833,838,60,212,208,825],"class_list":{"0":"post-125720","1":"post","2":"type-post","3":"status-publish","4":"format-standard","5":"has-post-thumbnail","7":"category-cyclisme","8":"tag-attaque","9":"tag-belgique","10":"tag-braquet","11":"tag-bretagne","12":"tag-chute","13":"tag-competition","14":"tag-coupe-de-france","15":"tag-coureur","16":"tag-course-cyclisme","17":"tag-course-cycliste","18":"tag-cycling","19":"tag-cyclisme","20":"tag-direct","21":"tag-direct-velo","22":"tag-directvelo","23":"tag-directvelo-com","24":"tag-epreuve","25":"tag-epreuve-cycliste","26":"tag-federation-francaise-de-cyclisme","27":"tag-ffc","28":"tag-flandres","29":"tag-fr","30":"tag-france","31":"tag-live","32":"tag-live-course","33":"tag-live-epreuve","34":"tag-peloton","35":"tag-radio-peloton","36":"tag-radio-tour","37":"tag-ravitaillement","38":"tag-relance","39":"tag-sports","40":"tag-uci","41":"tag-velo","42":"tag-velos"},"share_on_mastodon":{"url":"https:\/\/pubeurope.com\/@fr\/114565554047607242","error":""},"_links":{"self":[{"href":"https:\/\/www.europesays.com\/fr\/wp-json\/wp\/v2\/posts\/125720","targetHints":{"allow":["GET"]}}],"collection":[{"href":"https:\/\/www.europesays.com\/fr\/wp-json\/wp\/v2\/posts"}],"about":[{"href":"https:\/\/www.europesays.com\/fr\/wp-json\/wp\/v2\/types\/post"}],"author":[{"embeddable":true,"href":"https:\/\/www.europesays.com\/fr\/wp-json\/wp\/v2\/users\/2"}],"replies":[{"embeddable":true,"href":"https:\/\/www.europesays.com\/fr\/wp-json\/wp\/v2\/comments?post=125720"}],"version-history":[{"count":0,"href":"https:\/\/www.europesays.com\/fr\/wp-json\/wp\/v2\/posts\/125720\/revisions"}],"wp:featuredmedia":[{"embeddable":true,"href":"https:\/\/www.europesays.com\/fr\/wp-json\/wp\/v2\/media\/125721"}],"wp:attachment":[{"href":"https:\/\/www.europesays.com\/fr\/wp-json\/wp\/v2\/media?parent=125720"}],"wp:term":[{"taxonomy":"category","embeddable":true,"href":"https:\/\/www.europesays.com\/fr\/wp-json\/wp\/v2\/categories?post=125720"},{"taxonomy":"post_tag","embeddable":true,"href":"https:\/\/www.europesays.com\/fr\/wp-json\/wp\/v2\/tags?post=125720"}],"curies":[{"name":"wp","href":"https:\/\/api.w.org\/{rel}","templated":true}]}}