{"id":125724,"date":"2025-05-25T00:07:07","date_gmt":"2025-05-25T00:07:07","guid":{"rendered":"https:\/\/www.europesays.com\/fr\/125724\/"},"modified":"2025-05-25T00:07:07","modified_gmt":"2025-05-25T00:07:07","slug":"a-cannes-john-c-reilly-fete-en-chanson-la-fin-du-festival-et-le-retour-de-lelectricite","status":"publish","type":"post","link":"https:\/\/www.europesays.com\/fr\/125724\/","title":{"rendered":"\u00c0 Cannes, John C. Reilly f\u00eate en chanson la fin du festival (et le retour de l\u2019\u00e9lectricit\u00e9)"},"content":{"rendered":"\n<p> La lecture de ce contenu est susceptible d\u2019entra\u00eener un d\u00e9p\u00f4t de cookies de la part de l\u2019op\u00e9rateur tiers qui l\u2019h\u00e9berge. Compte-tenu des choix que vous avez exprim\u00e9s en mati\u00e8re de d\u00e9p\u00f4t de cookies, nous avons bloqu\u00e9 l\u2019affichage de ce contenu. Si vous souhaitez y acc\u00e9der, vous devez accepter la cat\u00e9gorie de cookies \u201cContenus tiers\u201d en cliquant sur le bouton ci-dessous. <\/p>\n<p> Lire la Vid\u00e9o              <\/p>\n<p class=\"asset asset-text\">CIN\u00c9MA &#8211; En pleine lumi\u00e8re. En amont de la c\u00e9r\u00e9monie de cl\u00f4ture du <a href=\"https:\/\/www.huffingtonpost.fr\/culture\/article\/en-2025-le-festival-de-cannes-est-devenu-une-tribune-engagee-pour-beaucoup-de-sujets-mais-pas-tous_250382.html\" target=\"_blank\" rel=\"noopener\">Festival de Cannes 2025<\/a>\u00a0a eu lieu l\u2019un des moments marquants de cette derni\u00e8re journ\u00e9e sur l<a href=\"https:\/\/www.huffingtonpost.fr\/people\/article\/karim-benzema-et-lyna-khoudri-main-dans-la-main-sur-le-tapis-rouge-du-festival-de-cannes-2025_250462.html\" target=\"_blank\" rel=\"noopener\">a Croisette<\/a>. Ce samedi 24\u00a0mai\u00a0en fin de matin\u00e9e, <a href=\"https:\/\/www.huffingtonpost.fr\/france\/article\/a-cannes-une-coupure-de-courant-plonge-la-ville-dans-le-noir-a-quelques-heures-de-la-cloture-du-festival_250468.html\" target=\"_blank\" rel=\"noopener\">une importante panne d\u2019\u00e9lectricit\u00e9<\/a> a touch\u00e9 la ville. Le Palais des Festivals a bascul\u00e9 sur un syst\u00e8me d\u2019aliment \u00e9lectrique ind\u00e9pendant avant le retour de l\u2019\u00e9lectricit\u00e9 aux alentours de 17\u00a0heures.<\/p>\n<p class=\"asset asset-text\">Un fait marquant sur lequel John C. Reilly est revenu pendant la remise des r\u00e9compenses. \u00ab\u00a0Heureusement, les films nous ont fourni toute l\u2019\u00e9lectricit\u00e9 dont nous avons besoin\u00a0\u00bb, a-t-il ironis\u00e9 avant de remettre le Prix du sc\u00e9nario aux fr\u00e8res Dardenne pour <a href=\"https:\/\/www.huffingtonpost.fr\/culture\/article\/jeunes-meres-le-dernier-film-des-freres-dardenne-n-est-vraiment-pas-notre-palme-d-or_250300.html\" target=\"_blank\" rel=\"noopener\">Jeunes M\u00e8res<\/a>. L\u2019acteur am\u00e9ricain s\u2019est ensuite lanc\u00e9 dans un num\u00e9ro musical sur La Vie en rose d\u2019\u00c9dith Piaf, <strong>comme vous pouvez le voir dans la vid\u00e9o en-t\u00eate d\u2019article<\/strong>.<\/p>\n<p class=\"asset asset-text\">Sous les regards ravis du public cannois, dont son d\u00e9l\u00e9gu\u00e9 g\u00e9n\u00e9ral Thierry Fr\u00e9maux, et accompagn\u00e9 d\u2019un guitariste, le com\u00e9dien &#8211; qui est aussi musicien &#8211; a repris en anglais les premi\u00e8res paroles de la chanson d\u2019amour. Un interlude musical bienvenu de la part de celui qui f\u00eatait aujourd\u2019hui m\u00eame son 60e anniversaire et qui a apport\u00e9 un peu de folie \u00e0 cette c\u00e9r\u00e9monie.<\/p>\n<p class=\"asset asset-text\">Outre cette performance, l\u2019acteur \u00e9tait aussi pr\u00e9sent sur la Croisette pour d\u00e9fendre le western humoristique Pile ou Face des r\u00e9alisateurs italiens Alessio Rigo de Righi et Matteo Zoppis, s\u00e9lectionn\u00e9 dans la cat\u00e9gorie Un certain regard. Le film et John C. Reilly sont malheureusement repartis bredouilles cette comp\u00e9tition, dont les r\u00e9compenses ont \u00e9t\u00e9 distribu\u00e9es la veille \u00e0 Cannes.<\/p>\n<p class=\"asset asset-text\"><strong>\u00c0 voir \u00e9galement sur\u00a0Le HuffPost\u00a0:<\/strong><\/p>\n<p> La lecture de ce contenu est susceptible d\u2019entra\u00eener un d\u00e9p\u00f4t de cookies de la part de l\u2019op\u00e9rateur tiers qui l\u2019h\u00e9berge. Compte-tenu des choix que vous avez exprim\u00e9s en mati\u00e8re de d\u00e9p\u00f4t de cookies, nous avons bloqu\u00e9 l\u2019affichage de ce contenu. Si vous souhaitez y acc\u00e9der, vous devez accepter la cat\u00e9gorie de cookies \u201cContenus tiers\u201d en cliquant sur le bouton ci-dessous. <\/p>\n<p> Lire la Vid\u00e9o                <\/p>\n","protected":false},"excerpt":{"rendered":"La lecture de ce contenu est susceptible d\u2019entra\u00eener un d\u00e9p\u00f4t de cookies de la part de l\u2019op\u00e9rateur tiers&hellip;\n","protected":false},"author":2,"featured_media":125725,"comment_status":"","ping_status":"","sticky":false,"template":"","format":"standard","meta":{"footnotes":""},"categories":[1359],"tags":[650,251,58,59,5634,8285,1011,27,2532,973],"class_list":{"0":"post-125724","1":"post","2":"type-post","3":"status-publish","4":"format-standard","5":"has-post-thumbnail","7":"category-people","8":"tag-cinema","9":"tag-culture","10":"tag-divertissement","11":"tag-entertainment","12":"tag-festival-de-cannes","13":"tag-festival-de-cannes-2025","14":"tag-fr","15":"tag-france","16":"tag-nos-videos","17":"tag-people"},"share_on_mastodon":{"url":"https:\/\/pubeurope.com\/@fr\/114565561941665005","error":""},"_links":{"self":[{"href":"https:\/\/www.europesays.com\/fr\/wp-json\/wp\/v2\/posts\/125724","targetHints":{"allow":["GET"]}}],"collection":[{"href":"https:\/\/www.europesays.com\/fr\/wp-json\/wp\/v2\/posts"}],"about":[{"href":"https:\/\/www.europesays.com\/fr\/wp-json\/wp\/v2\/types\/post"}],"author":[{"embeddable":true,"href":"https:\/\/www.europesays.com\/fr\/wp-json\/wp\/v2\/users\/2"}],"replies":[{"embeddable":true,"href":"https:\/\/www.europesays.com\/fr\/wp-json\/wp\/v2\/comments?post=125724"}],"version-history":[{"count":0,"href":"https:\/\/www.europesays.com\/fr\/wp-json\/wp\/v2\/posts\/125724\/revisions"}],"wp:featuredmedia":[{"embeddable":true,"href":"https:\/\/www.europesays.com\/fr\/wp-json\/wp\/v2\/media\/125725"}],"wp:attachment":[{"href":"https:\/\/www.europesays.com\/fr\/wp-json\/wp\/v2\/media?parent=125724"}],"wp:term":[{"taxonomy":"category","embeddable":true,"href":"https:\/\/www.europesays.com\/fr\/wp-json\/wp\/v2\/categories?post=125724"},{"taxonomy":"post_tag","embeddable":true,"href":"https:\/\/www.europesays.com\/fr\/wp-json\/wp\/v2\/tags?post=125724"}],"curies":[{"name":"wp","href":"https:\/\/api.w.org\/{rel}","templated":true}]}}