{"id":125726,"date":"2025-05-25T00:08:17","date_gmt":"2025-05-25T00:08:17","guid":{"rendered":"https:\/\/www.europesays.com\/fr\/125726\/"},"modified":"2025-05-25T00:08:17","modified_gmt":"2025-05-25T00:08:17","slug":"le-conflit-entre-lhomme-et-nature-lartiste-chinois-wang-du-offre-une-oeuvre-renversante-a-alfortville","status":"publish","type":"post","link":"https:\/\/www.europesays.com\/fr\/125726\/","title":{"rendered":"\u00ab\u00a0Le conflit entre l\u2019homme et nature\u00a0\u00bb\u00a0: l\u2019artiste chinois Wang Du offre une \u0153uvre renversante \u00e0 Alfortville"},"content":{"rendered":"<p class=\"paragraph text_align_left\">La b\u00eate en impose. Face \u00e0 cet \u00e9l\u00e9phant et ses puissantes d\u00e9fenses, la voiture encorn\u00e9e semble bien fragile. Cette sculpture en r\u00e9sine, appel\u00e9e \u00ab Anti-agression \u00bb et toute de banc v\u00eatue, s\u2019\u00e9tale sur 6 m sur le rond-point de Cantanhede. Le cadeau de l\u2019artiste dissident chinois Wang Du pour les 140 ans <a href=\"https:\/\/www.leparisien.fr\/val-de-marne-94\/alfortville-94140\/\" target=\"_self\" rel=\"noopener\">d\u2019Alfortville<\/a> a \u00e9t\u00e9 officiellement inaugur\u00e9 ce vendredi 23 mai en fin de journ\u00e9e.<\/p>\n<p class=\"paragraph text_align_left\">\u00ab Je vis et je travaille dans mon atelier \u00e0 Alfortville depuis 25 ans, raconte Wang Du, connu dans le monde entier pour ses \u0153uvres tr\u00e8s graphiques. Cela repr\u00e9sente le conflit entre l\u2019homme et la nature mais il ne faut pas trop en dire car chacun est libre de l\u2019interpr\u00e9ter comme il l\u2019entend, le per\u00e7oit. \u00bb<\/p>\n","protected":false},"excerpt":{"rendered":"La b\u00eate en impose. Face \u00e0 cet \u00e9l\u00e9phant et ses puissantes d\u00e9fenses, la voiture encorn\u00e9e semble bien fragile.&hellip;\n","protected":false},"author":2,"featured_media":125727,"comment_status":"","ping_status":"","sticky":false,"template":"","format":"standard","meta":{"footnotes":""},"categories":[1358],"tags":[1348,1384,1385,872,1386,58,59,1011,27,1944,1125],"class_list":{"0":"post-125726","1":"post","2":"type-post","3":"status-publish","4":"format-standard","5":"has-post-thumbnail","7":"category-arts-et-design","8":"tag-arts","9":"tag-arts-and-design","10":"tag-arts-et-design","11":"tag-culture-et-loisirs","12":"tag-design","13":"tag-divertissement","14":"tag-entertainment","15":"tag-fr","16":"tag-france","17":"tag-ma-ville","18":"tag-val-de-marne"},"share_on_mastodon":{"url":"https:\/\/pubeurope.com\/@fr\/114565565921550799","error":""},"_links":{"self":[{"href":"https:\/\/www.europesays.com\/fr\/wp-json\/wp\/v2\/posts\/125726","targetHints":{"allow":["GET"]}}],"collection":[{"href":"https:\/\/www.europesays.com\/fr\/wp-json\/wp\/v2\/posts"}],"about":[{"href":"https:\/\/www.europesays.com\/fr\/wp-json\/wp\/v2\/types\/post"}],"author":[{"embeddable":true,"href":"https:\/\/www.europesays.com\/fr\/wp-json\/wp\/v2\/users\/2"}],"replies":[{"embeddable":true,"href":"https:\/\/www.europesays.com\/fr\/wp-json\/wp\/v2\/comments?post=125726"}],"version-history":[{"count":0,"href":"https:\/\/www.europesays.com\/fr\/wp-json\/wp\/v2\/posts\/125726\/revisions"}],"wp:featuredmedia":[{"embeddable":true,"href":"https:\/\/www.europesays.com\/fr\/wp-json\/wp\/v2\/media\/125727"}],"wp:attachment":[{"href":"https:\/\/www.europesays.com\/fr\/wp-json\/wp\/v2\/media?parent=125726"}],"wp:term":[{"taxonomy":"category","embeddable":true,"href":"https:\/\/www.europesays.com\/fr\/wp-json\/wp\/v2\/categories?post=125726"},{"taxonomy":"post_tag","embeddable":true,"href":"https:\/\/www.europesays.com\/fr\/wp-json\/wp\/v2\/tags?post=125726"}],"curies":[{"name":"wp","href":"https:\/\/api.w.org\/{rel}","templated":true}]}}