{"id":12573,"date":"2025-04-09T12:10:18","date_gmt":"2025-04-09T12:10:18","guid":{"rendered":"https:\/\/www.europesays.com\/fr\/12573\/"},"modified":"2025-04-09T12:10:18","modified_gmt":"2025-04-09T12:10:18","slug":"chanson-a-nantes-avec-lilie-une-ballade-dans-loeuvre-de-barbara","status":"publish","type":"post","link":"https:\/\/www.europesays.com\/fr\/12573\/","title":{"rendered":"Chanson \u00e0 Nantes : Avec Lilie, une \u00abballade\u00bb dans l\u2019\u0153uvre de Barbara"},"content":{"rendered":"<tr wp_automatic_readability=\"6.8444444444444\">\n<td valign=\"middle\" align=\"center\" class=\"col-logo\" wp_automatic_readability=\"5\">\n    <img decoding=\"async\" src=\"https:\/\/www.europesays.com\/fr\/wp-content\/uploads\/2025\/04\/logo-of-monetise.svg\" alt=\"logo Ouest-France\" height=\"66\"\/><\/p>\n<p>Contenu r\u00e9serv\u00e9 aux abonn\u00e9s<\/p>\n<\/td>\n<td class=\"col-titre\">\n\t\t\tMardi 08 avril 2025 18:00<br \/>\n\t\t\t<a class=\"icon-bulle sizeL count\" href=\"#ancreAvis\"><br \/>\n\t&#8230;<br \/>\n<\/a><\/td>\n<\/tr>\n<p>\t\t<a class=\"mavillebox2 elmt-photo\" href=\"https:\/\/maville.com\/photosmvi\/2025\/04\/08\/P35158914D6756254G.jpg\" title=\" Michel Duvet et Lilie Printemps. Le duo reprend le r\u00e9pertoire de Barbara, dans un respect absolu de l\u2019\u0153uvre, sans chercher \u00e0 imiter l\u2019original et son interpr\u00e8te. Ils sont au th\u00e9\u00e2tre de poche Graslin \u00e0 Nantes, pour trois jours, \u00e0 partir de ce jeudi 10\u00a0avril.  \u00a9  Dominique Drouet  &lt;!--TAG-BLC credit--&gt;\" rel=\"galerie_actu nofollow noopener\" target=\"_blank\"><br \/>\n\t<img decoding=\"async\" src=\"https:\/\/www.europesays.com\/fr\/wp-content\/uploads\/2025\/04\/P35158914D6756254G_crop_640-330_.jpg\" alt=\"photo  michel duvet et lilie printemps. le duo reprend le r\u00e9pertoire de barbara, dans un respect absolu de l\u2019\u0153uvre, sans chercher \u00e0 imiter l\u2019original et son interpr\u00e8te. ils sont au th\u00e9\u00e2tre de poche graslin \u00e0 nantes, pour trois jours, \u00e0 partir de ce jeudi 10\u00a0avril.  \u00a9  dominique drouet \"\/><br \/>\n\t1<br \/>\n<\/a><\/p>\n<p class=\"elmt-legende\"> Michel Duvet et Lilie Printemps. Le duo reprend le r\u00e9pertoire de Barbara, dans un respect absolu de l\u2019\u0153uvre, sans chercher \u00e0 imiter l\u2019original et son interpr\u00e8te. Ils sont au th\u00e9\u00e2tre de poche Graslin \u00e0 Nantes, pour trois jours, \u00e0 partir de ce jeudi 10\u00a0avril.  \u00a9  Dominique Drouet  <\/p>\n<p>\t\tDix ans qu\u2019ils font vivre le r\u00e9pertoire de Barbara. La chanteuse Lilie Printemps et le pianiste Michel Duvet ne s\u2019en lassent pas. Ils sont au th\u00e9\u00e2tre de poche Graslin, \u00e0 Nantes, jeudi 10, vendredi 11 et samedi 12 avril.<\/p>\n<p><b>Cet article est r\u00e9serv\u00e9 aux abonn\u00e9s<\/b><\/p>\n<p>Pour un acc\u00e8s imm\u00e9diat, abonnez-vous<\/p>\n<p><b>1\u00e8re semaine offerte<\/b><\/p>\n<p>\t\t Philippe ECALLE. \u00a0\u00a0<br \/>\n\t\tOuest-France<\/p>\n<p>Retrouvez d&rsquo;autres actus sur la commune de :<\/p>\n<p>\t\t&#13;<\/p>\n","protected":false},"excerpt":{"rendered":"Contenu r\u00e9serv\u00e9 aux abonn\u00e9s Mardi 08 avril 2025 18:00 &#8230; 1 Michel Duvet et Lilie Printemps. Le duo&hellip;\n","protected":false},"author":2,"featured_media":12574,"comment_status":"","ping_status":"","sticky":false,"template":"","format":"standard","meta":{"footnotes":""},"categories":[2818],"tags":[5772,1111,11,5774,1695,1777,674,1011,27,5771,766,12,2636,25,5773],"class_list":{"0":"post-12573","1":"post","2":"type-post","3":"status-publish","4":"format-standard","5":"has-post-thumbnail","7":"category-nantes","8":"tag-ballade","9":"tag-actu","10":"tag-actualites","11":"tag-barbara","12":"tag-chanson","13":"tag-eu","14":"tag-europe","15":"tag-fr","16":"tag-france","17":"tag-lilie","18":"tag-nantes","19":"tag-news","20":"tag-pays-de-la-loire","21":"tag-republique-francaise","22":"tag-uvre"},"share_on_mastodon":{"url":"https:\/\/pubeurope.com\/@fr\/114307938589615399","error":""},"_links":{"self":[{"href":"https:\/\/www.europesays.com\/fr\/wp-json\/wp\/v2\/posts\/12573","targetHints":{"allow":["GET"]}}],"collection":[{"href":"https:\/\/www.europesays.com\/fr\/wp-json\/wp\/v2\/posts"}],"about":[{"href":"https:\/\/www.europesays.com\/fr\/wp-json\/wp\/v2\/types\/post"}],"author":[{"embeddable":true,"href":"https:\/\/www.europesays.com\/fr\/wp-json\/wp\/v2\/users\/2"}],"replies":[{"embeddable":true,"href":"https:\/\/www.europesays.com\/fr\/wp-json\/wp\/v2\/comments?post=12573"}],"version-history":[{"count":0,"href":"https:\/\/www.europesays.com\/fr\/wp-json\/wp\/v2\/posts\/12573\/revisions"}],"wp:featuredmedia":[{"embeddable":true,"href":"https:\/\/www.europesays.com\/fr\/wp-json\/wp\/v2\/media\/12574"}],"wp:attachment":[{"href":"https:\/\/www.europesays.com\/fr\/wp-json\/wp\/v2\/media?parent=12573"}],"wp:term":[{"taxonomy":"category","embeddable":true,"href":"https:\/\/www.europesays.com\/fr\/wp-json\/wp\/v2\/categories?post=12573"},{"taxonomy":"post_tag","embeddable":true,"href":"https:\/\/www.europesays.com\/fr\/wp-json\/wp\/v2\/tags?post=12573"}],"curies":[{"name":"wp","href":"https:\/\/api.w.org\/{rel}","templated":true}]}}